{"id":10503,"global_id":"politecnics.barcelona\/es\/?id=10503","global_id_lineage":["politecnics.barcelona\/es\/?id=10503"],"author":"2","status":"publish","date":"2025-01-27 17:13:28","date_utc":"2025-01-27 16:13:28","modified":"2025-01-27 17:13:56","modified_utc":"2025-01-27 16:13:56","url":"https:\/\/politecnics.barcelona\/es\/agenda\/el-corredor-de-seguros-y-su-dia-a-dia-ismael-parera\/","rest_url":"https:\/\/politecnics.barcelona\/es\/wp-json\/tribe\/events\/v1\/events\/10503","title":"El corredor de seguros y su d\u00eda a d\u00eda: Ismael Parera","description":"<h2>El corredor de seguros y su d\u00eda a d\u00eda: Ismael Parera<\/h2>\n<h4>Ubicaci\u00f3n<\/h4>\n<p>Aula 1.5<\/p>\n<h4>Grupos<\/h4>\n<p>GAD1A<\/p>\n<h4>Objetivo<\/h4>\n<p>Relacionarse con el RA2 del m\u00f3dulo 0448 <em>Operaciones auxiliares de tesorer\u00eda<\/em> , adquiriendo conocimientos pr\u00e1cticos sobre c\u00f3mo se realizan los tr\u00e1mites de contrataci\u00f3n, renovaci\u00f3n y cancelaci\u00f3n de instrumentos financieros b\u00e1sicos a trav\u00e9s de la experiencia de un corredor de seguros.<\/p>\n<h4>Haremos<\/h4>\n<p>Nos visitar\u00e1 Ismael Parera, gerente del Gabinete Parera, corredur\u00eda de seguros. Durante la sesi\u00f3n, nos hablar\u00e1 del d\u00eda a d\u00eda de un corredor de seguros, explicando c\u00f3mo funcionan las simulaciones de primas para distintos tipos de seguros.<\/p>\n<p>&nbsp;<\/p>\n<h4>Enlaces<\/h4>\n<p>www.gabinetparera.net<\/p>\n<h4>Otras consideraciones<\/h4>","excerpt":"","slug":"el-corredor-de-seguros-y-su-dia-a-dia-ismael-parera","image":{"url":"https:\/\/politecnics.barcelona\/wp-content\/uploads\/DALL\u00b7E-2025-01-27-17.12.49-A-professional-setting-featuring-a-guest-speaker-Ismael-Parera-explaining-the-daily-life-of-an-insurance-broker-to-a-classroom-of-students.-The-scen.webp","id":10500,"extension":"webp","width":1024,"height":1024,"filesize":260260,"sizes":{"medium_large":{"width":768,"height":768,"mime-type":"image\/webp","filesize":70754,"url":"https:\/\/politecnics.barcelona\/wp-content\/uploads\/DALL\u00b7E-2025-01-27-17.12.49-A-professional-setting-featuring-a-guest-speaker-Ismael-Parera-explaining-the-daily-life-of-an-insurance-broker-to-a-classroom-of-students.-The-scen-768x768.webp"},"blog-large":{"width":669,"height":272,"mime-type":"image\/webp","filesize":23746,"url":"https:\/\/politecnics.barcelona\/wp-content\/uploads\/DALL\u00b7E-2025-01-27-17.12.49-A-professional-setting-featuring-a-guest-speaker-Ismael-Parera-explaining-the-daily-life-of-an-insurance-broker-to-a-classroom-of-students.-The-scen-669x272.webp"},"blog-medium":{"width":320,"height":202,"mime-type":"image\/webp","filesize":14260,"url":"https:\/\/politecnics.barcelona\/wp-content\/uploads\/DALL\u00b7E-2025-01-27-17.12.49-A-professional-setting-featuring-a-guest-speaker-Ismael-Parera-explaining-the-daily-life-of-an-insurance-broker-to-a-classroom-of-students.-The-scen-320x202.webp"},"recent-posts":{"width":700,"height":441,"mime-type":"image\/webp","filesize":40084,"url":"https:\/\/politecnics.barcelona\/wp-content\/uploads\/DALL\u00b7E-2025-01-27-17.12.49-A-professional-setting-featuring-a-guest-speaker-Ismael-Parera-explaining-the-daily-life-of-an-insurance-broker-to-a-classroom-of-students.-The-scen-700x441.webp"},"recent-works-thumbnail":{"width":66,"height":66,"mime-type":"image\/webp","filesize":2008,"url":"https:\/\/politecnics.barcelona\/wp-content\/uploads\/DALL\u00b7E-2025-01-27-17.12.49-A-professional-setting-featuring-a-guest-speaker-Ismael-Parera-explaining-the-daily-life-of-an-insurance-broker-to-a-classroom-of-students.-The-scen-66x66.webp"},"fusion-200":{"width":200,"height":200,"mime-type":"image\/webp","filesize":11432,"url":"https:\/\/politecnics.barcelona\/wp-content\/uploads\/DALL\u00b7E-2025-01-27-17.12.49-A-professional-setting-featuring-a-guest-speaker-Ismael-Parera-explaining-the-daily-life-of-an-insurance-broker-to-a-classroom-of-students.-The-scen-200x200.webp"},"fusion-400":{"width":400,"height":400,"mime-type":"image\/webp","filesize":31164,"url":"https:\/\/politecnics.barcelona\/wp-content\/uploads\/DALL\u00b7E-2025-01-27-17.12.49-A-professional-setting-featuring-a-guest-speaker-Ismael-Parera-explaining-the-daily-life-of-an-insurance-broker-to-a-classroom-of-students.-The-scen-400x400.webp"},"fusion-600":{"width":600,"height":600,"mime-type":"image\/webp","filesize":53038,"url":"https:\/\/politecnics.barcelona\/wp-content\/uploads\/DALL\u00b7E-2025-01-27-17.12.49-A-professional-setting-featuring-a-guest-speaker-Ismael-Parera-explaining-the-daily-life-of-an-insurance-broker-to-a-classroom-of-students.-The-scen-600x600.webp"},"fusion-800":{"width":800,"height":800,"mime-type":"image\/webp","filesize":73870,"url":"https:\/\/politecnics.barcelona\/wp-content\/uploads\/DALL\u00b7E-2025-01-27-17.12.49-A-professional-setting-featuring-a-guest-speaker-Ismael-Parera-explaining-the-daily-life-of-an-insurance-broker-to-a-classroom-of-students.-The-scen-800x800.webp"}}},"all_day":false,"start_date":"2025-02-10 12:00:00","start_date_details":{"year":"2025","month":"02","day":"10","hour":"12","minutes":"00","seconds":"00"},"end_date":"2025-02-10 13:30:00","end_date_details":{"year":"2025","month":"02","day":"10","hour":"13","minutes":"30","seconds":"00"},"utc_start_date":"2025-02-10 11:00:00","utc_start_date_details":{"year":"2025","month":"02","day":"10","hour":"11","minutes":"00","seconds":"00"},"utc_end_date":"2025-02-10 12:30:00","utc_end_date_details":{"year":"2025","month":"02","day":"10","hour":"12","minutes":"30","seconds":"00"},"timezone":"Europe\/Madrid","timezone_abbr":"CET","cost":"","cost_details":{"currency_symbol":"","currency_code":"","currency_position":"","values":[]},"website":"https:\/\/politecnics.barcelona\/es\/agenda\/el-corredor-de-seguros-y-su-dia-a-dia-ismael-parera\/","show_map":false,"show_map_link":false,"hide_from_listings":false,"sticky":false,"featured":false,"categories":[{"name":"Eventos","slug":"eventos","term_group":0,"term_taxonomy_id":102,"taxonomy":"tribe_events_cat","description":"Reuniones, salidas, charlas, IMT...","parent":0,"count":360,"filter":"raw","id":102,"urls":{"self":"https:\/\/politecnics.barcelona\/es\/wp-json\/tribe\/events\/v1\/categories\/102","collection":"https:\/\/politecnics.barcelona\/es\/wp-json\/tribe\/events\/v1\/categories"}}],"tags":[{"name":"GAD","slug":"gad-es","term_group":0,"term_taxonomy_id":498,"taxonomy":"post_tag","description":"","parent":0,"count":3,"filter":"raw","id":498,"urls":{"self":"https:\/\/politecnics.barcelona\/es\/wp-json\/tribe\/events\/v1\/tags\/498","collection":"https:\/\/politecnics.barcelona\/es\/wp-json\/tribe\/events\/v1\/tags"}},{"name":"Gesti\u00f3n Administrativa","slug":"gestion-administrativa","term_group":0,"term_taxonomy_id":132,"taxonomy":"post_tag","description":"","parent":0,"count":7,"filter":"raw","id":132,"urls":{"self":"https:\/\/politecnics.barcelona\/es\/wp-json\/tribe\/events\/v1\/tags\/132","collection":"https:\/\/politecnics.barcelona\/es\/wp-json\/tribe\/events\/v1\/tags"}},{"name":"Ismael Parera","slug":"ismael-parera-es","term_group":0,"term_taxonomy_id":550,"taxonomy":"post_tag","description":"","parent":0,"count":1,"filter":"raw","id":550,"urls":{"self":"https:\/\/politecnics.barcelona\/es\/wp-json\/tribe\/events\/v1\/tags\/550","collection":"https:\/\/politecnics.barcelona\/es\/wp-json\/tribe\/events\/v1\/tags"}},{"name":"Seguros","slug":"seguros","term_group":0,"term_taxonomy_id":442,"taxonomy":"post_tag","description":"","parent":0,"count":3,"filter":"raw","id":442,"urls":{"self":"https:\/\/politecnics.barcelona\/es\/wp-json\/tribe\/events\/v1\/tags\/442","collection":"https:\/\/politecnics.barcelona\/es\/wp-json\/tribe\/events\/v1\/tags"}},{"name":"Visita","slug":"visita-es","term_group":0,"term_taxonomy_id":316,"taxonomy":"post_tag","description":"","parent":0,"count":20,"filter":"raw","id":316,"urls":{"self":"https:\/\/politecnics.barcelona\/es\/wp-json\/tribe\/events\/v1\/tags\/316","collection":"https:\/\/politecnics.barcelona\/es\/wp-json\/tribe\/events\/v1\/tags"}}],"venue":{"id":10479,"status":"publish","date":"2025-01-23 00:58:24","date_utc":"0000-00-00 00:00:00","modified":"2025-01-23 00:58:24","modified_utc":"0000-00-00 00:00:00","url":"https:\/\/politecnics.barcelona\/local\/aula-1-5\/","venue":"Aula 1.5","slug":"aula-1-5","json_ld":{"@type":"Place","name":"Aula 1.5","description":"","url":"","address":{"@type":"PostalAddress"},"telephone":"","sameAs":""},"show_map":false,"show_map_link":false,"global_id":"politecnics.barcelona\/es\/?id=10479","global_id_lineage":["politecnics.barcelona\/es\/?id=10479"]},"organizer":[{"id":6729,"author":"2","status":"publish","date":"2022-10-10 14:40:42","date_utc":"2022-10-10 12:40:42","modified":"2022-10-10 14:40:42","modified_utc":"2022-10-10 12:40:42","url":"https:\/\/politecnics.barcelona\/organizador\/centre-destudis-politecnics\/","organizer":"Centre d&#8217;Estudis Polit\u00e8cnics","slug":"centre-destudis-politecnics","phone":"933 020 224","email":"comunicacio@politecnics.barcelona","json_ld":{"@type":"Person","name":"Centre d&#8217;Estudis Polit\u00e8cnics","description":"","url":"","telephone":"933 020 224","email":"c&#111;munic&#97;&#99;io&#64;&#112;ol&#105;&#116;ec&#110;ic&#115;.barc&#101;l&#111;&#110;&#97;","sameAs":""},"global_id":"politecnics.barcelona\/es\/?id=6729","global_id_lineage":["politecnics.barcelona\/es\/?id=6729"]}],"json_ld":{"@context":"http:\/\/schema.org","@type":"Event","name":"El corredor de seguros y su d\u00eda a d\u00eda: Ismael Parera","description":"&lt;p&gt;El corredor de seguros y su d\u00eda a d\u00eda: Ismael Parera Ubicaci\u00f3n Aula 1.5 Grupos GAD1A Objetivo Relacionarse con el RA2 del m\u00f3dulo 0448 Operaciones auxiliares de tesorer\u00eda , adquiriendo [&hellip;]&lt;\/p&gt;\\n","image":"https:\/\/politecnics.barcelona\/wp-content\/uploads\/DALL\u00b7E-2025-01-27-17.12.49-A-professional-setting-featuring-a-guest-speaker-Ismael-Parera-explaining-the-daily-life-of-an-insurance-broker-to-a-classroom-of-students.-The-scen.webp","url":"https:\/\/politecnics.barcelona\/es\/agenda\/el-corredor-de-seguros-y-su-dia-a-dia-ismael-parera\/","eventAttendanceMode":"https:\/\/schema.org\/OfflineEventAttendanceMode","eventStatus":"https:\/\/schema.org\/EventScheduled","startDate":"2025-02-10T12:00:00+01:00","endDate":"2025-02-10T13:30:00+01:00","location":{"@type":"Place","name":"Aula 1.5","description":"","url":"","address":{"@type":"PostalAddress"},"telephone":"","sameAs":""},"organizer":{"@type":"Person","name":"Centre d&#8217;Estudis Polit\u00e8cnics","description":"","url":"","telephone":"933 020 224","email":"co&#109;un&#105;&#99;&#97;c&#105;o&#64;po&#108;it&#101;c&#110;ic&#115;&#46;b&#97;rc&#101;&#108;o&#110;&#97;","sameAs":""},"performer":"Organization"}}