{"id":11789,"global_id":"politecnics.barcelona\/es\/?id=11789","global_id_lineage":["politecnics.barcelona\/es\/?id=11789"],"author":"1","status":"publish","date":"2025-09-21 12:50:25","date_utc":"2025-09-21 10:50:25","modified":"2025-09-21 12:51:29","modified_utc":"2025-09-21 10:51:29","url":"https:\/\/politecnics.barcelona\/es\/agenda\/en-busca-de-informacion\/","rest_url":"https:\/\/politecnics.barcelona\/es\/wp-json\/tribe\/events\/v1\/events\/11789","title":"En busca de informaci\u00f3n","description":"<h2>En busca de informaci\u00f3n<\/h2>\n<h4>Ubicaci\u00f3n<\/h4>\n<p>Biblioteca Sagrada Familia<\/p>\n<h4>Grupos<\/h4>\n<p>ACOM2A, ACOM2B<\/p>\n<h4>Objetivo<\/h4>\n<p>Descubrir recursos y fuentes de informaci\u00f3n anal\u00f3gicos y digitales para obtener datos relevantes, fiables y contrastables para los proyectos de Actividades Comerciales.<br \/>\nSaber poner en valor la autor\u00eda de la informaci\u00f3n utilizada para un proyecto y c\u00f3mo citarla en el informe final.<\/p>\n<h4>Haremos<\/h4>\n<p>Sesi\u00f3n informativa sobre la red de bibliotecas de Barcelona y los recursos que ofrecen a las personas usuarias, con un enfoque hacia las necesidades del alumnado de Actividades Comerciales. Adem\u00e1s aprenderemos a poner en valor la autor\u00eda de las informaciones (art\u00edculos, libros, etc.) y c\u00f3mo deben citarse en un proyecto.<br \/>\n Esta sesi\u00f3n se complementa con una actividad de descubrimiento de la red comercial de la zona de la Sagrada Fam\u00edlia. <\/p>\n<h4>Enlaces<\/h4>\n<h4>Otras consideraciones<\/h4>","excerpt":"","slug":"en-busca-de-informacion","image":{"url":"https:\/\/politecnics.barcelona\/wp-content\/uploads\/Biblio-Sagrada-Familia.jpg","id":11786,"extension":"jpg","width":1456,"height":816,"filesize":561041,"sizes":{"medium_large":{"width":768,"height":430,"mime-type":"image\/jpeg","filesize":91045,"url":"https:\/\/politecnics.barcelona\/wp-content\/uploads\/Biblio-Sagrada-Familia-768x430.jpg"},"blog-large":{"width":669,"height":272,"mime-type":"image\/jpeg","filesize":55619,"url":"https:\/\/politecnics.barcelona\/wp-content\/uploads\/Biblio-Sagrada-Familia-669x272.jpg"},"blog-medium":{"width":320,"height":202,"mime-type":"image\/jpeg","filesize":23243,"url":"https:\/\/politecnics.barcelona\/wp-content\/uploads\/Biblio-Sagrada-Familia-320x202.jpg"},"recent-posts":{"width":700,"height":441,"mime-type":"image\/jpeg","filesize":86415,"url":"https:\/\/politecnics.barcelona\/wp-content\/uploads\/Biblio-Sagrada-Familia-700x441.jpg"},"recent-works-thumbnail":{"width":66,"height":66,"mime-type":"image\/jpeg","filesize":3937,"url":"https:\/\/politecnics.barcelona\/wp-content\/uploads\/Biblio-Sagrada-Familia-66x66.jpg"},"fusion-200":{"width":200,"height":112,"mime-type":"image\/jpeg","filesize":9958,"url":"https:\/\/politecnics.barcelona\/wp-content\/uploads\/Biblio-Sagrada-Familia-200x112.jpg"},"fusion-400":{"width":400,"height":224,"mime-type":"image\/jpeg","filesize":29839,"url":"https:\/\/politecnics.barcelona\/wp-content\/uploads\/Biblio-Sagrada-Familia-400x224.jpg"},"fusion-600":{"width":600,"height":336,"mime-type":"image\/jpeg","filesize":59596,"url":"https:\/\/politecnics.barcelona\/wp-content\/uploads\/Biblio-Sagrada-Familia-600x336.jpg"},"fusion-800":{"width":800,"height":448,"mime-type":"image\/jpeg","filesize":97365,"url":"https:\/\/politecnics.barcelona\/wp-content\/uploads\/Biblio-Sagrada-Familia-800x448.jpg"},"fusion-1200":{"width":1200,"height":673,"mime-type":"image\/jpeg","filesize":192461,"url":"https:\/\/politecnics.barcelona\/wp-content\/uploads\/Biblio-Sagrada-Familia-1200x673.jpg"}}},"all_day":false,"start_date":"2025-09-23 09:30:00","start_date_details":{"year":"2025","month":"09","day":"23","hour":"09","minutes":"30","seconds":"00"},"end_date":"2025-09-23 13:30:00","end_date_details":{"year":"2025","month":"09","day":"23","hour":"13","minutes":"30","seconds":"00"},"utc_start_date":"2025-09-23 07:30:00","utc_start_date_details":{"year":"2025","month":"09","day":"23","hour":"07","minutes":"30","seconds":"00"},"utc_end_date":"2025-09-23 11:30:00","utc_end_date_details":{"year":"2025","month":"09","day":"23","hour":"11","minutes":"30","seconds":"00"},"timezone":"Europe\/Madrid","timezone_abbr":"CEST","cost":"","cost_details":{"currency_symbol":"","currency_code":"","currency_position":"","values":[]},"website":"https:\/\/politecnics.barcelona\/es\/agenda\/en-busca-de-informacion\/","show_map":false,"show_map_link":false,"hide_from_listings":false,"sticky":false,"featured":false,"categories":[{"name":"Eventos","slug":"eventos","term_group":0,"term_taxonomy_id":102,"taxonomy":"tribe_events_cat","description":"Reuniones, salidas, charlas, IMT...","parent":0,"count":360,"filter":"raw","id":102,"urls":{"self":"https:\/\/politecnics.barcelona\/es\/wp-json\/tribe\/events\/v1\/categories\/102","collection":"https:\/\/politecnics.barcelona\/es\/wp-json\/tribe\/events\/v1\/categories"}}],"tags":[{"name":"Actividades Comerciales","slug":"actividades-comerciales","term_group":0,"term_taxonomy_id":267,"taxonomy":"post_tag","description":"","parent":0,"count":29,"filter":"raw","id":267,"urls":{"self":"https:\/\/politecnics.barcelona\/es\/wp-json\/tribe\/events\/v1\/tags\/267","collection":"https:\/\/politecnics.barcelona\/es\/wp-json\/tribe\/events\/v1\/tags"}},{"name":"Investigaci\u00f3n","slug":"investigacion","term_group":0,"term_taxonomy_id":766,"taxonomy":"post_tag","description":"","parent":0,"count":1,"filter":"raw","id":766,"urls":{"self":"https:\/\/politecnics.barcelona\/es\/wp-json\/tribe\/events\/v1\/tags\/766","collection":"https:\/\/politecnics.barcelona\/es\/wp-json\/tribe\/events\/v1\/tags"}}],"venue":{"id":11774,"status":"publish","date":"2025-09-18 01:39:59","date_utc":"0000-00-00 00:00:00","modified":"2025-09-18 01:39:59","modified_utc":"0000-00-00 00:00:00","url":"https:\/\/politecnics.barcelona\/local\/biblioteca-sagrada-familia\/","venue":"Biblioteca Sagrada Fam\u00edlia","slug":"biblioteca-sagrada-familia","json_ld":{"@type":"Place","name":"Biblioteca Sagrada Fam\u00edlia","description":"","url":"","address":{"@type":"PostalAddress"},"telephone":"","sameAs":""},"show_map":false,"show_map_link":false,"global_id":"politecnics.barcelona\/es\/?id=11774","global_id_lineage":["politecnics.barcelona\/es\/?id=11774"]},"organizer":[{"id":6729,"author":"2","status":"publish","date":"2022-10-10 14:40:42","date_utc":"2022-10-10 12:40:42","modified":"2022-10-10 14:40:42","modified_utc":"2022-10-10 12:40:42","url":"https:\/\/politecnics.barcelona\/organizador\/centre-destudis-politecnics\/","organizer":"Centre d&#8217;Estudis Polit\u00e8cnics","slug":"centre-destudis-politecnics","phone":"933 020 224","email":"comunicacio@politecnics.barcelona","json_ld":{"@type":"Person","name":"Centre d&#8217;Estudis Polit\u00e8cnics","description":"","url":"","telephone":"933 020 224","email":"&#99;o&#109;uni&#99;a&#99;&#105;&#111;&#64;&#112;&#111;&#108;&#105;t&#101;&#99;n&#105;c&#115;.bar&#99;e&#108;o&#110;&#97;","sameAs":""},"global_id":"politecnics.barcelona\/es\/?id=6729","global_id_lineage":["politecnics.barcelona\/es\/?id=6729"]}],"json_ld":{"@context":"http:\/\/schema.org","@type":"Event","name":"En busca de informaci\u00f3n","description":"&lt;p&gt;En busca de informaci\u00f3n Ubicaci\u00f3n Biblioteca Sagrada Familia Grupos ACOM2A, ACOM2B Objetivo Descubrir recursos y fuentes de informaci\u00f3n anal\u00f3gicos y digitales para obtener datos relevantes, fiables y contrastables para los [&hellip;]&lt;\/p&gt;\\n","image":"https:\/\/politecnics.barcelona\/wp-content\/uploads\/Biblio-Sagrada-Familia.jpg","url":"https:\/\/politecnics.barcelona\/es\/agenda\/en-busca-de-informacion\/","eventAttendanceMode":"https:\/\/schema.org\/OfflineEventAttendanceMode","eventStatus":"https:\/\/schema.org\/EventScheduled","startDate":"2025-09-23T09:30:00+02:00","endDate":"2025-09-23T13:30:00+02:00","location":{"@type":"Place","name":"Biblioteca Sagrada Fam\u00edlia","description":"","url":"","address":{"@type":"PostalAddress"},"telephone":"","sameAs":""},"organizer":{"@type":"Person","name":"Centre d&#8217;Estudis Polit\u00e8cnics","description":"","url":"","telephone":"933 020 224","email":"&#99;omuni&#99;a&#99;io&#64;p&#111;lite&#99;&#110;&#105;c&#115;&#46;b&#97;rce&#108;&#111;&#110;&#97;","sameAs":""},"performer":"Organization"}}