{"id":13286,"global_id":"politecnics.barcelona\/es\/?id=13286","global_id_lineage":["politecnics.barcelona\/es\/?id=13286"],"author":"2","status":"publish","date":"2026-03-16 09:33:10","date_utc":"2026-03-16 08:33:10","modified":"2026-03-16 09:33:10","modified_utc":"2026-03-16 08:33:10","url":"https:\/\/politecnics.barcelona\/es\/agenda\/visitamos-la-escola-catalana-del-consum\/","rest_url":"https:\/\/politecnics.barcelona\/es\/wp-json\/tribe\/events\/v1\/events\/13286","title":"Visitamos la Escola Catalana del Consum","description":"<h2>Visitamos la Escola Catalana del Consum<\/h2>\n<h4>Ubicaci\u00f3n<\/h4>\n<p>Escuela del Consumo de Catalu\u00f1a<\/p>\n<h4>Grupos<\/h4>\n<p>1\u00ba de Administraci\u00f3n y Finanzas<\/p>\n<h4>Objetivo<\/h4>\n<p>Comprender los <strong data-start=\"189\" data-end=\"236\">derechos y deberes de las personas consumidoras<\/strong> y aplicarlos en situaciones reales de <strong data-start=\"274\" data-end=\"310\">compra y contrataci\u00f3n de servicios<\/strong> .<br data-start=\"311\" data-end=\"314\">La actividad tambi\u00e9n permite desarrollar habilidades para <strong data-start=\"367\" data-end=\"415\">gestionar quejas, conflictos y reclamaciones<\/strong> en el \u00e1mbito empresarial.<\/p>\n<h4>Haremos<\/h4>\n<p data-start=\"445\" data-end=\"544\">Visitamos la Escuela Catalana del Consumo para participar en <strong data-start=\"516\" data-end=\"541\">tres talleres pr\u00e1cticos<\/strong> :<\/p>\n<ul data-start=\"545\" data-end=\"639\">\n<li data-section-id=\"1k11q6c\" data-start=\"545\" data-end=\"569\">\n<p data-start=\"547\" data-end=\"569\"><strong data-start=\"547\" data-end=\"567\">\u00bfVamos de compras?<\/strong><\/p>\n<\/li>\n<li data-section-id=\"1mf7xph\" data-start=\"570\" data-end=\"603\">\n<p data-start=\"572\" data-end=\"603\"><strong data-start=\"572\" data-end=\"601\">\u00bfMe sirven los servicios?<\/strong><\/p>\n<\/li>\n<li data-section-id=\"ysgzbp\" data-start=\"604\" data-end=\"639\">\n<p data-start=\"606\" data-end=\"639\"><strong data-start=\"606\" data-end=\"637\">\u00bfQu\u00e9 reglas tiene el consumo?<\/strong><\/p>\n<\/li>\n<\/ul>\n<p data-start=\"641\" data-end=\"842\">A trav\u00e9s de din\u00e1micas participativas, el alumnado podr\u00e1 <strong data-start=\"696\" data-end=\"736\">analizar situaciones de consumo reales<\/strong> , comprender la normativa y reflexionar sobre la <strong data-start=\"785\" data-end=\"839\">responsabilidad de las empresas y de los consumidores<\/strong> .<\/p>\n<h4>Enlaces<\/h4>\n<h4>Otras consideraciones<\/h4>","excerpt":"","slug":"visitamos-la-escola-catalana-del-consum","image":{"url":"https:\/\/politecnics.barcelona\/wp-content\/uploads\/ce_politecnics_vocational_business_students_participating_in__eb7296ec-b861-438d-a35b-d6529c7a13c1_2.png","id":13283,"extension":"png","width":350,"height":196,"filesize":150072,"sizes":{"blog-medium":{"width":320,"height":196,"mime-type":"image\/png","filesize":121717,"url":"https:\/\/politecnics.barcelona\/wp-content\/uploads\/ce_politecnics_vocational_business_students_participating_in__eb7296ec-b861-438d-a35b-d6529c7a13c1_2-320x196.png"},"recent-works-thumbnail":{"width":66,"height":66,"mime-type":"image\/png","filesize":10149,"url":"https:\/\/politecnics.barcelona\/wp-content\/uploads\/ce_politecnics_vocational_business_students_participating_in__eb7296ec-b861-438d-a35b-d6529c7a13c1_2-66x66.png"},"fusion-200":{"width":200,"height":112,"mime-type":"image\/png","filesize":44074,"url":"https:\/\/politecnics.barcelona\/wp-content\/uploads\/ce_politecnics_vocational_business_students_participating_in__eb7296ec-b861-438d-a35b-d6529c7a13c1_2-200x112.png"}}},"all_day":false,"start_date":"2026-03-18 09:15:00","start_date_details":{"year":"2026","month":"03","day":"18","hour":"09","minutes":"15","seconds":"00"},"end_date":"2026-03-18 12:15:00","end_date_details":{"year":"2026","month":"03","day":"18","hour":"12","minutes":"15","seconds":"00"},"utc_start_date":"2026-03-18 08:15:00","utc_start_date_details":{"year":"2026","month":"03","day":"18","hour":"08","minutes":"15","seconds":"00"},"utc_end_date":"2026-03-18 11:15:00","utc_end_date_details":{"year":"2026","month":"03","day":"18","hour":"11","minutes":"15","seconds":"00"},"timezone":"Europe\/Madrid","timezone_abbr":"CET","cost":"","cost_details":{"currency_symbol":"","currency_code":"","currency_position":"","values":[]},"website":"https:\/\/politecnics.barcelona\/es\/agenda\/visitamos-la-escola-catalana-del-consum\/","show_map":false,"show_map_link":false,"hide_from_listings":false,"sticky":false,"featured":false,"categories":[{"name":"Eventos","slug":"eventos","term_group":0,"term_taxonomy_id":102,"taxonomy":"tribe_events_cat","description":"Reuniones, salidas, charlas, IMT...","parent":0,"count":360,"filter":"raw","id":102,"urls":{"self":"https:\/\/politecnics.barcelona\/es\/wp-json\/tribe\/events\/v1\/categories\/102","collection":"https:\/\/politecnics.barcelona\/es\/wp-json\/tribe\/events\/v1\/categories"}}],"tags":[{"name":"Administraci\u00f3nFinanzas","slug":"administracionfinanzas","term_group":0,"term_taxonomy_id":992,"taxonomy":"post_tag","description":"","parent":0,"count":4,"filter":"raw","id":992,"urls":{"self":"https:\/\/politecnics.barcelona\/es\/wp-json\/tribe\/events\/v1\/tags\/992","collection":"https:\/\/politecnics.barcelona\/es\/wp-json\/tribe\/events\/v1\/tags"}},{"name":"DerechosConsumidor","slug":"derechosconsumidor","term_group":0,"term_taxonomy_id":1057,"taxonomy":"post_tag","description":"","parent":0,"count":1,"filter":"raw","id":1057,"urls":{"self":"https:\/\/politecnics.barcelona\/es\/wp-json\/tribe\/events\/v1\/tags\/1057","collection":"https:\/\/politecnics.barcelona\/es\/wp-json\/tribe\/events\/v1\/tags"}},{"name":"Educaci\u00f3nConsumo","slug":"educacionconsumo","term_group":0,"term_taxonomy_id":1058,"taxonomy":"post_tag","description":"","parent":0,"count":3,"filter":"raw","id":1058,"urls":{"self":"https:\/\/politecnics.barcelona\/es\/wp-json\/tribe\/events\/v1\/tags\/1058","collection":"https:\/\/politecnics.barcelona\/es\/wp-json\/tribe\/events\/v1\/tags"}},{"name":"EscolaConsumCatalunya","slug":"escolaconsumcatalunya-es","term_group":0,"term_taxonomy_id":1056,"taxonomy":"post_tag","description":"","parent":0,"count":3,"filter":"raw","id":1056,"urls":{"self":"https:\/\/politecnics.barcelona\/es\/wp-json\/tribe\/events\/v1\/tags\/1056","collection":"https:\/\/politecnics.barcelona\/es\/wp-json\/tribe\/events\/v1\/tags"}},{"name":"NuestroCompromiso","slug":"nuestrocompromiso","term_group":0,"term_taxonomy_id":888,"taxonomy":"post_tag","description":"","parent":0,"count":42,"filter":"raw","id":888,"urls":{"self":"https:\/\/politecnics.barcelona\/es\/wp-json\/tribe\/events\/v1\/tags\/888","collection":"https:\/\/politecnics.barcelona\/es\/wp-json\/tribe\/events\/v1\/tags"}},{"name":"Polit\u00e8cnics","slug":"politecnics-es","term_group":0,"term_taxonomy_id":112,"taxonomy":"post_tag","description":"","parent":0,"count":48,"filter":"raw","id":112,"urls":{"self":"https:\/\/politecnics.barcelona\/es\/wp-json\/tribe\/events\/v1\/tags\/112","collection":"https:\/\/politecnics.barcelona\/es\/wp-json\/tribe\/events\/v1\/tags"}},{"name":"TuTalento","slug":"tutalento","term_group":0,"term_taxonomy_id":887,"taxonomy":"post_tag","description":"","parent":0,"count":42,"filter":"raw","id":887,"urls":{"self":"https:\/\/politecnics.barcelona\/es\/wp-json\/tribe\/events\/v1\/tags\/887","collection":"https:\/\/politecnics.barcelona\/es\/wp-json\/tribe\/events\/v1\/tags"}}],"venue":{"id":13256,"status":"publish","date":"2026-03-11 00:42:13","date_utc":"0000-00-00 00:00:00","modified":"2026-03-11 00:42:13","modified_utc":"0000-00-00 00:00:00","url":"https:\/\/politecnics.barcelona\/local\/a-lescola-del-consum-de-catalunya\/","venue":"A l&#8217;Escola del Consum de Catalunya","slug":"a-lescola-del-consum-de-catalunya","json_ld":{"@type":"Place","name":"A l&#8217;Escola del Consum de Catalunya","description":"","url":"","address":{"@type":"PostalAddress"},"telephone":"","sameAs":""},"show_map":false,"show_map_link":false,"global_id":"politecnics.barcelona\/es\/?id=13256","global_id_lineage":["politecnics.barcelona\/es\/?id=13256"]},"organizer":[{"id":6729,"author":"2","status":"publish","date":"2022-10-10 14:40:42","date_utc":"2022-10-10 12:40:42","modified":"2022-10-10 14:40:42","modified_utc":"2022-10-10 12:40:42","url":"https:\/\/politecnics.barcelona\/organizador\/centre-destudis-politecnics\/","organizer":"Centre d&#8217;Estudis Polit\u00e8cnics","slug":"centre-destudis-politecnics","phone":"933 020 224","email":"comunicacio@politecnics.barcelona","json_ld":{"@type":"Person","name":"Centre d&#8217;Estudis Polit\u00e8cnics","description":"","url":"","telephone":"933 020 224","email":"com&#117;&#110;i&#99;a&#99;i&#111;&#64;p&#111;l&#105;t&#101;c&#110;&#105;&#99;s&#46;b&#97;&#114;&#99;elo&#110;&#97;","sameAs":""},"global_id":"politecnics.barcelona\/es\/?id=6729","global_id_lineage":["politecnics.barcelona\/es\/?id=6729"]}],"json_ld":{"@context":"http:\/\/schema.org","@type":"Event","name":"Visitamos la Escola Catalana del Consum","description":"&lt;p&gt;Visitamos la Escola Catalana del Consum Ubicaci\u00f3n Escuela del Consumo de Catalu\u00f1a Grupos 1\u00ba de Administraci\u00f3n y Finanzas Objetivo Comprender los derechos y deberes de las personas consumidoras y aplicarlos [&hellip;]&lt;\/p&gt;\\n","image":"https:\/\/politecnics.barcelona\/wp-content\/uploads\/ce_politecnics_vocational_business_students_participating_in__eb7296ec-b861-438d-a35b-d6529c7a13c1_2.png","url":"https:\/\/politecnics.barcelona\/es\/agenda\/visitamos-la-escola-catalana-del-consum\/","eventAttendanceMode":"https:\/\/schema.org\/OfflineEventAttendanceMode","eventStatus":"https:\/\/schema.org\/EventScheduled","startDate":"2026-03-18T09:15:00+01:00","endDate":"2026-03-18T12:15:00+01:00","location":{"@type":"Place","name":"A l&#8217;Escola del Consum de Catalunya","description":"","url":"","address":{"@type":"PostalAddress"},"telephone":"","sameAs":""},"organizer":{"@type":"Person","name":"Centre d&#8217;Estudis Polit\u00e8cnics","description":"","url":"","telephone":"933 020 224","email":"c&#111;mu&#110;&#105;cac&#105;o&#64;po&#108;itec&#110;&#105;&#99;s&#46;ba&#114;&#99;&#101;l&#111;&#110;&#97;","sameAs":""},"performer":"Organization"}}