{"id":6963,"global_id":"politecnics.barcelona\/es\/?id=6963","global_id_lineage":["politecnics.barcelona\/es\/?id=6963"],"author":"2","status":"publish","date":"2022-11-30 13:26:37","date_utc":"2022-11-30 12:26:37","modified":"2022-12-15 13:08:25","modified_utc":"2022-12-15 12:08:25","url":"https:\/\/politecnics.barcelona\/es\/agenda\/formacio-ocupacional-matricula-oberta\/","rest_url":"https:\/\/politecnics.barcelona\/es\/wp-json\/tribe\/events\/v1\/events\/6963","title":"Formaci\u00f3n ocupacional: matr\u00edcula abierta","description":"<p>Cursos dirigidos a la obtenci\u00f3n de certificados de profesionalidad para personas en paro y trabajadores\/as en activo. Matr\u00edcula abierta de los cursos:<\/p>\n<p>Actividades de gesti\u00f3n administrativa<br \/>\nGesti\u00f3n integrada de recursos humanos<br \/>\nGesti\u00f3n contable y gesti\u00f3n administrativa para auditor\u00eda<br \/>\nMarketing y compraventa internacional<\/p>\n<div class=\"fusion-align-block\"><a class=\"fusion-button button-flat button-xlarge button-default fusion-button-default button-1 fusion-button-span-yes fusion-button-default-type fusion-animated\" data-animationType=\"bounceIn\" data-animationDuration=\"0.3\" data-animationOffset=\"top-into-view\" target=\"_self\" title=\"M\u00e1s informaci\u00f3n\" aria-label=\"M\u00e1s informaci\u00f3n\" href=\"https:\/\/politecnics.barcelona\/es\/formacion-ocupacional\/\"><i class=\"fa-address-card fas button-icon-left\" aria-hidden=\"true\"><\/i><span class=\"fusion-button-text\">M\u00e1s informaci\u00f3n &gt;&gt;<\/span><\/a><\/div>","excerpt":"<p>Cursos dirigidos a la obtenci\u00f3n de certificados de profesionalidad para personas en paro y trabajadores\/as en activo.<\/p>","slug":"formacio-ocupacional-matricula-oberta","image":{"url":"https:\/\/politecnics.barcelona\/wp-content\/uploads\/matricula.jpg","id":6362,"extension":"jpg","width":1280,"height":925,"sizes":{"medium_large":{"width":768,"height":555,"mime-type":"image\/jpeg","url":"https:\/\/politecnics.barcelona\/wp-content\/uploads\/matricula-768x555.jpg"},"blog-large":{"width":669,"height":272,"mime-type":"image\/jpeg","url":"https:\/\/politecnics.barcelona\/wp-content\/uploads\/matricula-669x272.jpg"},"blog-medium":{"width":320,"height":202,"mime-type":"image\/jpeg","url":"https:\/\/politecnics.barcelona\/wp-content\/uploads\/matricula-320x202.jpg"},"recent-posts":{"width":700,"height":441,"mime-type":"image\/jpeg","url":"https:\/\/politecnics.barcelona\/wp-content\/uploads\/matricula-700x441.jpg"},"recent-works-thumbnail":{"width":66,"height":66,"mime-type":"image\/jpeg","url":"https:\/\/politecnics.barcelona\/wp-content\/uploads\/matricula-66x66.jpg"},"fusion-200":{"width":200,"height":145,"mime-type":"image\/jpeg","url":"https:\/\/politecnics.barcelona\/wp-content\/uploads\/matricula-200x145.jpg"},"fusion-400":{"width":400,"height":289,"mime-type":"image\/jpeg","url":"https:\/\/politecnics.barcelona\/wp-content\/uploads\/matricula-400x289.jpg"},"fusion-600":{"width":600,"height":434,"mime-type":"image\/jpeg","url":"https:\/\/politecnics.barcelona\/wp-content\/uploads\/matricula-600x434.jpg"},"fusion-800":{"width":800,"height":578,"mime-type":"image\/jpeg","url":"https:\/\/politecnics.barcelona\/wp-content\/uploads\/matricula-800x578.jpg"},"fusion-1200":{"width":1200,"height":867,"mime-type":"image\/jpeg","url":"https:\/\/politecnics.barcelona\/wp-content\/uploads\/matricula-1200x867.jpg"}}},"all_day":false,"start_date":"2022-11-30 08:00:00","start_date_details":{"year":"2022","month":"11","day":"30","hour":"08","minutes":"00","seconds":"00"},"end_date":"2023-02-28 18:00:00","end_date_details":{"year":"2023","month":"02","day":"28","hour":"18","minutes":"00","seconds":"00"},"utc_start_date":"2022-11-30 07:00:00","utc_start_date_details":{"year":"2022","month":"11","day":"30","hour":"07","minutes":"00","seconds":"00"},"utc_end_date":"2023-02-28 17:00:00","utc_end_date_details":{"year":"2023","month":"02","day":"28","hour":"17","minutes":"00","seconds":"00"},"timezone":"Europe\/Madrid","timezone_abbr":"CET","cost":"","cost_details":{"currency_symbol":"","currency_code":"","currency_position":"suffix","values":[]},"website":"https:\/\/politecnics.barcelona\/formacio-ocupacional\/","show_map":true,"show_map_link":true,"hide_from_listings":false,"sticky":false,"featured":false,"categories":[{"name":"Gesti\u00f3n acad\u00e9mica","slug":"gestion-academica","term_group":0,"term_taxonomy_id":81,"taxonomy":"tribe_events_cat","description":"PPOO, Preinscripciones, Matr\u00edcula, Notificaciones...","parent":0,"count":10,"filter":"raw","id":81,"urls":{"self":"https:\/\/politecnics.barcelona\/es\/wp-json\/tribe\/events\/v1\/categories\/81","collection":"https:\/\/politecnics.barcelona\/es\/wp-json\/tribe\/events\/v1\/categories"}}],"tags":[],"venue":{"id":6593,"status":"publish","date":"2022-09-28 13:39:05","date_utc":"2022-09-28 11:39:05","modified":"2022-09-30 01:38:15","modified_utc":"2022-09-29 23:38:15","url":"https:\/\/politecnics.barcelona\/local\/centre-destudis-politecnics-urquinaona-pl-durquinaona-10-08010-barcelona-espanya\/","venue":"Centre d&#8217;Estudis Polit\u00e8cnics: Urquinaona, Pl. d&#8217;Urquinaona, 10, 08010 Barcelona, Espanya","slug":"centre-destudis-politecnics-urquinaona-pl-durquinaona-10-08010-barcelona-espanya","json_ld":{"@type":"Place","name":"Centre d&#8217;Estudis Polit\u00e8cnics: Urquinaona, Pl. d&#8217;Urquinaona, 10, 08010 Barcelona, Espanya","description":"","url":"","address":{"@type":"PostalAddress"},"telephone":"","sameAs":""},"show_map":true,"show_map_link":true,"global_id":"politecnics.barcelona\/es\/?id=6593","global_id_lineage":["politecnics.barcelona\/es\/?id=6593"]},"organizer":[{"id":6729,"author":"2","status":"publish","date":"2022-10-10 14:40:42","date_utc":"2022-10-10 12:40:42","modified":"2022-10-10 14:40:42","modified_utc":"2022-10-10 12:40:42","url":"https:\/\/politecnics.barcelona\/organizador\/centre-destudis-politecnics\/","organizer":"Centre d&#8217;Estudis Polit\u00e8cnics","slug":"centre-destudis-politecnics","phone":"933 020 224","email":"comunicacio@politecnics.barcelona","json_ld":{"@type":"Person","name":"Centre d&#8217;Estudis Polit\u00e8cnics","description":"","url":"","telephone":"933 020 224","email":"com&#117;nic&#97;ci&#111;&#64;p&#111;li&#116;e&#99;ni&#99;&#115;&#46;ba&#114;&#99;&#101;l&#111;&#110;a","sameAs":""},"global_id":"politecnics.barcelona\/es\/?id=6729","global_id_lineage":["politecnics.barcelona\/es\/?id=6729"]}],"json_ld":{"@context":"http:\/\/schema.org","@type":"Event","name":"Formaci\u00f3n ocupacional: matr\u00edcula abierta","description":"&lt;p&gt;Cursos dirigidos a la obtenci\u00f3n de certificados de profesionalidad para personas en paro y trabajadores\/as en activo.&lt;\/p&gt;\\n","image":"https:\/\/politecnics.barcelona\/wp-content\/uploads\/matricula.jpg","url":"https:\/\/politecnics.barcelona\/es\/agenda\/formacio-ocupacional-matricula-oberta\/","eventAttendanceMode":"https:\/\/schema.org\/OfflineEventAttendanceMode","eventStatus":"https:\/\/schema.org\/EventScheduled","startDate":"2022-11-30T08:00:00+01:00","endDate":"2023-02-28T18:00:00+01:00","location":{"@type":"Place","name":"Centre d&#8217;Estudis Polit\u00e8cnics: Urquinaona, Pl. d&#8217;Urquinaona, 10, 08010 Barcelona, Espanya","description":"","url":"","address":{"@type":"PostalAddress"},"telephone":"","sameAs":""},"organizer":{"@type":"Person","name":"Centre d&#8217;Estudis Polit\u00e8cnics","description":"","url":"","telephone":"933 020 224","email":"&#99;om&#117;n&#105;&#99;&#97;&#99;i&#111;&#64;po&#108;ite&#99;&#110;&#105;c&#115;.&#98;&#97;&#114;&#99;&#101;&#108;o&#110;a","sameAs":""},"performer":"Organization"}}