{"id":10559,"date":"2024-12-15T19:58:15","date_gmt":"2024-12-15T18:58:15","guid":{"rendered":"https:\/\/politecnics.barcelona\/certificados-de-profesionalidad-la-clave-para-mejorar-tu-empleabilidad\/"},"modified":"2025-01-29T23:02:33","modified_gmt":"2025-01-29T22:02:33","slug":"certificados-de-profesionalidad-la-clave-para-mejorar-tu-empleabilidad","status":"publish","type":"post","link":"https:\/\/politecnics.barcelona\/es\/certificados-de-profesionalidad-la-clave-para-mejorar-tu-empleabilidad\/","title":{"rendered":"Certificados de profesionalidad: la clave para mejorar tu empleabilidad"},"content":{"rendered":"<div class=\"fusion-fullwidth fullwidth-box fusion-builder-row-1 fusion-flex-container nonhundred-percent-fullwidth non-hundred-percent-height-scrolling\" style=\"--awb-border-radius-top-left:0px;--awb-border-radius-top-right:0px;--awb-border-radius-bottom-right:0px;--awb-border-radius-bottom-left:0px;--awb-flex-wrap:wrap;\" ><div class=\"fusion-builder-row fusion-row fusion-flex-align-items-flex-start fusion-flex-content-wrap\" style=\"max-width:1248px;margin-left: calc(-4% \/ 2 );margin-right: calc(-4% \/ 2 );\"><div class=\"fusion-layout-column fusion_builder_column fusion-builder-column-0 fusion_builder_column_1_1 1_1 fusion-flex-column\" style=\"--awb-bg-size:cover;--awb-width-large:100%;--awb-margin-top-large:0px;--awb-spacing-right-large:1.92%;--awb-margin-bottom-large:0px;--awb-spacing-left-large:1.92%;--awb-width-medium:100%;--awb-spacing-right-medium:1.92%;--awb-spacing-left-medium:1.92%;--awb-width-small:100%;--awb-spacing-right-small:1.92%;--awb-spacing-left-small:1.92%;\"><div class=\"fusion-column-wrapper fusion-flex-justify-content-flex-start fusion-content-layout-column\"><div class=\"fusion-title title fusion-title-1 fusion-sep-none fusion-title-text fusion-title-size-one\"><h1 class=\"fusion-title-heading title-heading-left fusion-responsive-typography-calculated\" style=\"margin:0;--fontSize:60;line-height:1.2;\"><h1>Certificados de profesionalidad: la clave para mejorar tu empleabilidad<\/h1><\/h1><\/div><div class=\"fusion-text fusion-text-1\" style=\"--awb-text-transform:none;\"><div class=\"flex-shrink-0 flex flex-col relative items-end\">\n<div class=\"pt-0\">\n<div class=\"gizmo-bot-avatar flex h-8 w-8 items-center justify-center overflow-hidden rounded-full\">\n<h2>\u00bfQu\u00e9 son los certificados de profesionalidad y por qu\u00e9 son clave para tu futuro?<\/h2>\n<p>En un mercado laboral en constante cambio, la formaci\u00f3n continua y la acreditaci\u00f3n de competencias son fundamentales a destacar. Los <strong>certificados de profesionalidad<\/strong> son la respuesta: una acreditaci\u00f3n oficial que certifica las competencias profesionales necesarias para trabajar en un empleo espec\u00edfico. Estos certificados, reconocidos en todo el Estado espa\u00f1ol y alineados con las necesidades del mercado laboral actual, son una excelente oportunidad para mejorar las opciones de empleo o reorientar su trayectoria profesional hacia sectores con alta demanda. <\/p>\n<h3>Caracter\u00edsticas de los certificados de profesionalidad<\/h3>\n<p>Los certificados profesionales est\u00e1n dise\u00f1ados para garantizar una formaci\u00f3n completa y pr\u00e1ctica. Se componen de: <\/p>\n<ol>\n<li><strong>M\u00f3dulos formativos y unidades formativas<\/strong> : que combinan teor\u00eda y pr\u00e1ctica.<\/li>\n<li><strong>M\u00f3dulo de pr\u00e1cticas profesionales no laborales<\/strong> : que facilita la aplicaci\u00f3n de los conocimientos en entornos reales de trabajo.<\/li>\n<li><strong>Tres niveles de acceso<\/strong> :\n<ul>\n<li><strong>Nivel 1<\/strong> : Accesible sin requisitos acad\u00e9micos previos.<\/li>\n<li><strong>Nivel 2<\/strong> : Requiere el t\u00edtulo de ESO o equivalente.<\/li>\n<li><strong>Nivel 3<\/strong> : Exige el t\u00edtulo de bachillerato o equivalente.<\/li>\n<\/ul>\n<\/li>\n<\/ol>\n<p>Los certificados de profesionalidad est\u00e1n adaptados al Cat\u00e1logo Nacional de Cualificaciones Profesionales, asegurando que la formaci\u00f3n est\u00e9 alineada con las necesidades del mercado laboral y de las empresas.<\/p>\n<h3>Las ventajas de los certificados profesionales<\/h3>\n<p>Obtener un certificado de profesionalidad puede marcar la diferencia en su trayectoria laboral. \u00c9stos son algunos de los beneficios principales: <\/p>\n<ul>\n<li><strong>Reconocidos oficialmente<\/strong> : Son expedidos por el SEPE y las <a href=\"https:\/\/fp.gencat.cat\/ca\/actualitat\/certificats-professionals\/index.html\">comunidades aut\u00f3nomas<\/a> , y tienen validez en todo el Estado espa\u00f1ol.<\/li>\n<li><strong>Mejoran la empleabilidad<\/strong> : Con un certificado profesional, demuestras que dispones de las habilidades y competencias necesarias para ejercer una profesi\u00f3n concreta.<\/li>\n<li><strong>Formaci\u00f3n pr\u00e1ctica y orientada al trabajo<\/strong> : Los certificados no s\u00f3lo incluyen conocimientos te\u00f3ricos, sino tambi\u00e9n pr\u00e1cticas profesionales que te preparan para el mundo laboral.<\/li>\n<li><strong>Flexibilidad<\/strong> : Ideales tanto para personas que buscan trabajo como para trabajadores que quieren mejorar sus competencias o reorientarse profesionalmente.<\/li>\n<li><strong>Alta demanda empresarial<\/strong> : Las empresas valoran muy positivamente estas acreditaciones, ya que responden a las necesidades reales del mercado laboral.<\/li>\n<\/ul>\n<h3>Tu oportunidad de impulsar el futuro profesional<\/h3>\n<p>Los certificados profesionales son mucho m\u00e1s que un t\u00edtulo: son una inversi\u00f3n en su futuro. Tanto si quieres acceder al mundo laboral por primera vez como si buscas especializarte o cambiar de sector, estos programas te proporcionan las herramientas y acreditaci\u00f3n necesarias para destacar. \u00bfQuieres saber m\u00e1s? Descubre toda nuestra oferta formativa en el <strong>Centre d\u2019Estudis Polit\u00e8cnics<\/strong> y da el primer paso hacia tu futuro profesional. \u00a1Te esperamos! <\/p>\n<p><a href=\"https:\/\/youtu.be\/B9RpPKMdrAA?si=ZJwnS7LGxRb0_wmi\"><img decoding=\"async\" class=\" wp-image-10291 aligncenter\" src=\"https:\/\/politecnics.barcelona\/wp-content\/uploads\/Captura-de-pantalla-2024-12-15-a-las-19.35.19.png\" alt=\"\" width=\"299\" height=\"221\" srcset=\"https:\/\/politecnics.barcelona\/wp-content\/uploads\/Captura-de-pantalla-2024-12-15-a-las-19.35.19-200x148.png 200w, https:\/\/politecnics.barcelona\/wp-content\/uploads\/Captura-de-pantalla-2024-12-15-a-las-19.35.19-400x296.png 400w, https:\/\/politecnics.barcelona\/wp-content\/uploads\/Captura-de-pantalla-2024-12-15-a-las-19.35.19-600x444.png 600w, https:\/\/politecnics.barcelona\/wp-content\/uploads\/Captura-de-pantalla-2024-12-15-a-las-19.35.19-768x568.png 768w, https:\/\/politecnics.barcelona\/wp-content\/uploads\/Captura-de-pantalla-2024-12-15-a-las-19.35.19-800x592.png 800w, https:\/\/politecnics.barcelona\/wp-content\/uploads\/Captura-de-pantalla-2024-12-15-a-las-19.35.19.png 1098w\" sizes=\"(max-width: 299px) 100vw, 299px\" \/><\/a><\/p>\n<\/div>\n<\/div>\n<\/div>\n<\/div><div class=\"fusion-separator fusion-full-width-sep\" style=\"align-self: center;margin-left: auto;margin-right: auto;flex-grow:3;margin-top:10px;margin-bottom:10px;width:100%;\"><\/div><\/div><\/div><div class=\"fusion-layout-column fusion_builder_column fusion-builder-column-1 fusion_builder_column_1_1 1_1 fusion-flex-column\" style=\"--awb-bg-size:cover;--awb-width-large:100%;--awb-margin-top-large:0px;--awb-spacing-right-large:1.92%;--awb-margin-bottom-large:20px;--awb-spacing-left-large:1.92%;--awb-width-medium:100%;--awb-order-medium:0;--awb-spacing-right-medium:1.92%;--awb-spacing-left-medium:1.92%;--awb-width-small:100%;--awb-order-small:0;--awb-spacing-right-small:1.92%;--awb-spacing-left-small:1.92%;\"><div class=\"fusion-column-wrapper fusion-column-has-shadow fusion-flex-justify-content-flex-start fusion-content-layout-column\"><div class=\"fusion-title title fusion-title-2 fusion-sep-none fusion-title-text fusion-title-size-one\"><h1 class=\"fusion-title-heading title-heading-left fusion-responsive-typography-calculated\" style=\"margin:0;--fontSize:60;line-height:1.2;\"><h3>\u00bfPor qu\u00e9 hacer un certificado profesional en el Centre d\u2019Estudis Polit\u00e8cnics ?<\/h3><\/h1><\/div><div class=\"fusion-text fusion-text-2\" style=\"--awb-text-transform:none;\"><p>En el <strong>Centre d\u2019Estudis Polit\u00e8cnics<\/strong> , ofrecemos una formaci\u00f3n actualizada y adaptada a las necesidades reales del mercado laboral. Disponemos de una variada oferta de <a href=\"https:\/\/politecnics.barcelona\/es\/formacion-ocupacional\/\"><strong>Certificados Profesionales<\/strong><\/a> que te permitir\u00e1n mejorar tus competencias, reorientar tu carrera o acceder al mundo laboral con garant\u00edas. Descubre nuestros certificados profesionales: <\/p>\n<ol>\n<li><a href=\"https:\/\/politecnics.barcelona\/es\/formacion-ocupacional\/ifcd0110-confeccion-y-publicacion-de-paginas-web\/\"><strong>IFCD0110 Confecci\u00f3n y publicaci\u00f3n de p\u00e1ginas web<\/strong><\/a> <em>(Nivel 2, 605 horas)<\/em><br \/>\n Adquiere las competencias para dise\u00f1ar, crear y publicar p\u00e1ginas web funcionales y optimizadas. Aprender\u00e1s lenguajes de marcas, hojas de estilo, programaci\u00f3n con lenguajes de gui\u00f3n y optimizaci\u00f3n de funcionalidades. <\/li>\n<li><a href=\"https:\/\/politecnics.barcelona\/es\/formacion-ocupacional\/comm0110-marketing-y-compraventa-internacional\/\"><strong>COMM0110 Marketing y compraventa internacional<\/strong><\/a> <em>(Nivel 3, 795 horas)<\/em><br \/>\n F\u00f3rmate en el \u00e1mbito del marketing internacional, la negociaci\u00f3n y la compraventa en mercados globales. Este certificado incluye ingl\u00e9s profesional y una lengua extranjera adicional para prepararte para trabajar en un entorno internacional. <\/li>\n<li><a href=\"https:\/\/politecnics.barcelona\/es\/formacion-ocupacional\/adgd0308-actividades-de-gestion-administrativa\/\"><strong>ADGD0308 Actividades de gesti\u00f3n administrativa<\/strong><\/a> <em>(Nivel 2, 925 horas)<\/em><br \/>\n Obt\u00e9n las habilidades necesarias para desarrollar tareas administrativas en el \u00e1mbito comercial, financiero y de recursos humanos. La formaci\u00f3n incluye contabilidad, ofim\u00e1tica y gesti\u00f3n de tesorer\u00eda. <\/li>\n<li><a href=\"https:\/\/politecnics.barcelona\/es\/formacion-ocupacional\/adgd0208-gestion-integrada-de-recursos-humanos\/\"><strong>ADGD0208 Gesti\u00f3n integrada de recursos humanos<\/strong><\/a> <em>(Nivel 3, 805 horas)<\/em><br \/>\n Especial\u00edzate en la gesti\u00f3n de personal, la comunicaci\u00f3n interna y la administraci\u00f3n de recursos humanos. Aprender\u00e1s a utilizar aplicaciones inform\u00e1ticas espec\u00edficas y sistemas de informaci\u00f3n y archivo para mejorar los procesos organizativos. <\/li>\n<\/ol>\n<h3>\u00bfPor qu\u00e9 elegirnos?<\/h3>\n<ul>\n<li><strong>Pr\u00e1cticas profesionales no laborales<\/strong> : Todos nuestros certificados incluyen m\u00f3dulos pr\u00e1cticos para aplicar lo que aprendes en un entorno real.<\/li>\n<li><strong>Formaci\u00f3n de calidad y actualizada<\/strong> : Nuestros programas est\u00e1n alineados con las necesidades actuales de las empresas y sectores profesionales.<\/li>\n<li><strong>Oportunidades de inserci\u00f3n laboral<\/strong> : Acreditate con una titulaci\u00f3n oficial reconocida en todo el Estado.<\/li>\n<li><strong>Flexibilidad de acceso<\/strong> : Si no cumples los requisitos acad\u00e9micos, puedes acceder mediante pruebas de evaluaci\u00f3n de competencias que realizamos en el centro.<\/li>\n<\/ul>\n<p>Con esta oferta formativa, en el <strong>Centre d\u2019Estudis Polit\u00e8cnics<\/strong> te ayudamos a impulsar tu futuro profesional y desarrollarte en sectores con alta demanda de personal cualificado.<\/p>\n<\/div><\/div><\/div><\/div><\/div>\n","protected":false},"excerpt":{"rendered":"","protected":false},"author":2,"featured_media":10297,"comment_status":"closed","ping_status":"closed","sticky":false,"template":"","format":"standard","meta":{"_monsterinsights_skip_tracking":false,"_monsterinsights_sitenote_active":false,"_monsterinsights_sitenote_note":"","_monsterinsights_sitenote_category":0,"footnotes":""},"categories":[239,63],"tags":[265,563,568,565,334,567,564,103,566],"_links":{"self":[{"href":"https:\/\/politecnics.barcelona\/es\/wp-json\/wp\/v2\/posts\/10559"}],"collection":[{"href":"https:\/\/politecnics.barcelona\/es\/wp-json\/wp\/v2\/posts"}],"about":[{"href":"https:\/\/politecnics.barcelona\/es\/wp-json\/wp\/v2\/types\/post"}],"author":[{"embeddable":true,"href":"https:\/\/politecnics.barcelona\/es\/wp-json\/wp\/v2\/users\/2"}],"replies":[{"embeddable":true,"href":"https:\/\/politecnics.barcelona\/es\/wp-json\/wp\/v2\/comments?post=10559"}],"version-history":[{"count":5,"href":"https:\/\/politecnics.barcelona\/es\/wp-json\/wp\/v2\/posts\/10559\/revisions"}],"predecessor-version":[{"id":10564,"href":"https:\/\/politecnics.barcelona\/es\/wp-json\/wp\/v2\/posts\/10559\/revisions\/10564"}],"wp:featuredmedia":[{"embeddable":true,"href":"https:\/\/politecnics.barcelona\/es\/wp-json\/wp\/v2\/media\/10297"}],"wp:attachment":[{"href":"https:\/\/politecnics.barcelona\/es\/wp-json\/wp\/v2\/media?parent=10559"}],"wp:term":[{"taxonomy":"category","embeddable":true,"href":"https:\/\/politecnics.barcelona\/es\/wp-json\/wp\/v2\/categories?post=10559"},{"taxonomy":"post_tag","embeddable":true,"href":"https:\/\/politecnics.barcelona\/es\/wp-json\/wp\/v2\/tags?post=10559"}],"curies":[{"name":"wp","href":"https:\/\/api.w.org\/{rel}","templated":true}]}}