{"id":12948,"date":"2025-09-16T13:54:12","date_gmt":"2025-09-16T11:54:12","guid":{"rendered":"https:\/\/politecnics.barcelona\/constitucion-del-consejo-de-formacion-y-empresa-del-cfpi-politecnicos-autoempleo\/"},"modified":"2026-02-23T14:16:49","modified_gmt":"2026-02-23T13:16:49","slug":"constitucion-del-consejo-de-formacion-y-empresa-del-cfpi-politecnicos-autoempleo","status":"publish","type":"post","link":"https:\/\/politecnics.barcelona\/es\/constitucion-del-consejo-de-formacion-y-empresa-del-cfpi-politecnicos-autoempleo\/","title":{"rendered":"Constituci\u00f3n del Consejo de Formaci\u00f3n y Empresa del CFPI Polit\u00e9cnicos &#8211; Autoempleo"},"content":{"rendered":"<div class=\"fusion-fullwidth fullwidth-box fusion-builder-row-1 fusion-flex-container nonhundred-percent-fullwidth non-hundred-percent-height-scrolling\" style=\"--awb-border-radius-top-left:0px;--awb-border-radius-top-right:0px;--awb-border-radius-bottom-right:0px;--awb-border-radius-bottom-left:0px;--awb-flex-wrap:wrap;\" ><div class=\"fusion-builder-row fusion-row fusion-flex-align-items-flex-start fusion-flex-content-wrap\" style=\"max-width:1248px;margin-left: calc(-4% \/ 2 );margin-right: calc(-4% \/ 2 );\"><div class=\"fusion-layout-column fusion_builder_column fusion-builder-column-0 fusion_builder_column_1_1 1_1 fusion-flex-column\" style=\"--awb-bg-size:cover;--awb-width-large:100%;--awb-margin-top-large:0px;--awb-spacing-right-large:1.92%;--awb-margin-bottom-large:0px;--awb-spacing-left-large:1.92%;--awb-width-medium:100%;--awb-spacing-right-medium:1.92%;--awb-spacing-left-medium:1.92%;--awb-width-small:100%;--awb-spacing-right-small:1.92%;--awb-spacing-left-small:1.92%;\"><div class=\"fusion-column-wrapper fusion-flex-justify-content-flex-start fusion-content-layout-column\"><div class=\"fusion-title title fusion-title-1 fusion-sep-none fusion-title-text fusion-title-size-one\"><h1 class=\"fusion-title-heading title-heading-left fusion-responsive-typography-calculated\" style=\"margin:0;--fontSize:60;line-height:1.2;\"><h1 data-start=\"114\" data-end=\"199\">Constituci\u00f3n del Consejo de Formaci\u00f3n y Empresa del CFPI Polit\u00e9cnicos &#8211; Autoempleo<\/h1><\/h1><\/div><div class=\"fusion-text fusion-text-1\" style=\"--awb-text-transform:none;\"><p data-start=\"201\" data-end=\"659\">Ayer, 15 de septiembre de 2025, celebramos un momento hist\u00f3rico para nuestro centro: la constituci\u00f3n formal del <strong data-start=\"311\" data-end=\"344\">Consejo de Formaci\u00f3n y Empresa<\/strong> del <strong data-start=\"349\" data-end=\"384\">CFPI Polit\u00e9cnicos \u2013 Autoempleo<\/strong> . Este \u00f3rgano colegiado es el nuevo espacio de participaci\u00f3n y colaboraci\u00f3n entre nuestro centro y el tejido productivo del territorio, con el objetivo de mejorar la calidad de su oferta formativa e impulsar la Formaci\u00f3n Profesional Dual. <\/p>\n<h2 data-start=\"661\" data-end=\"703\">Representaci\u00f3n y entidades participantes<\/h2>\n<p data-start=\"705\" data-end=\"874\">El Consejo est\u00e1 formado por una amplia representaci\u00f3n de la <strong data-start=\"762\" data-end=\"779\">Administraci\u00f3n<\/strong> , la <strong data-start=\"783\" data-end=\"823\">agrupaci\u00f3n Polit\u00e9cnicos \u2013 Autoempleo<\/strong> y las <strong data-start=\"830\" data-end=\"871\">asociaciones sindicales y empresariales.<\/strong> En el Consejo tiene representaci\u00f3n el Consorcio de Educaci\u00f3n de Barcelona, \u200b\u200bel Servicio de Ocupaci\u00f3n de Barcelona, \u200b\u200bBarcelona Activa, CCOO, UGT, Fomento del Trabajo y Pimec, adem\u00e1s de Centro de Estudios Polit\u00e9cnicos y Fundaci\u00f3 Autoocupaci\u00f3.<\/p>\n<p data-start=\"1563\" data-end=\"1656\">Esta composici\u00f3n garantiza una <strong>mirada plural<\/strong> y un compromiso real con la mejora de la FP.<\/p>\n<h2 data-start=\"1658\" data-end=\"1683\">Importancia del CFPI<\/h2>\n<p data-start=\"1685\" data-end=\"2122\">El <strong data-start=\"1688\" data-end=\"1733\">Centro de Formaci\u00f3n Profesional Integrada<\/strong> (CFPI) es una agrupaci\u00f3n estrat\u00e9gica que combina la experiencia de la <strong data-start=\"1800\" data-end=\"1825\">Fundaci\u00f3n Autoempleo<\/strong> en Grados C, y especialistas en emprendimiento y creaci\u00f3n de empresas y orientaci\u00f3n e inserci\u00f3n laboral, y del <strong data-start=\"1843\" data-end=\"1875\">Centro de Estudios Polit\u00e9cnicos<\/strong> en Grados D, adem\u00e1s de referentes en innovaci\u00f3n pedag\u00f3gica y simulaci\u00f3n de entornos profesionales. Su misi\u00f3n es ofrecer una formaci\u00f3n profesional moderna y adaptada a las necesidades del mercado laboral, impulsar la FP Dual y promover la colaboraci\u00f3n entre empresas, entidades e instituciones. <\/p>\n<h2 data-start=\"2124\" data-end=\"2162\">Familias profesionales implicadas<\/h2>\n<p data-start=\"2164\" data-end=\"2225\">El CFPI Polit\u00e9cnicos \u2013 Autoempleo integra a las familias de:<\/p>\n<ul data-start=\"2226\" data-end=\"2357\">\n<li data-start=\"2226\" data-end=\"2253\">\n<p data-start=\"2228\" data-end=\"2253\"><strong data-start=\"2228\" data-end=\"2251\">Comercio y Marketing<\/strong><\/p>\n<\/li>\n<li data-start=\"2254\" data-end=\"2284\">\n<p data-start=\"2256\" data-end=\"2284\"><strong data-start=\"2256\" data-end=\"2282\">Administraci\u00f3n y Gesti\u00f3n<\/strong><\/p>\n<\/li>\n<li data-start=\"2285\" data-end=\"2357\">\n<p data-start=\"2287\" data-end=\"2357\"><strong data-start=\"2287\" data-end=\"2318\">Inform\u00e1tica y Comunicaciones<\/strong><\/p>\n<\/li>\n<\/ul>\n<p data-start=\"2359\" data-end=\"2512\">Esta combinaci\u00f3n nos permite ofrecer una propuesta formativa transversal y rica en oportunidades para el alumnado y para las empresas que colaboren.<\/p>\n<h2 data-start=\"2514\" data-end=\"2555\">Sinergias que multiplican el impacto<\/h2>\n<p data-start=\"2557\" data-end=\"2613\">Nuestra agrupaci\u00f3n suma experiencias complementarias:<\/p>\n<ul data-start=\"2614\" data-end=\"3007\">\n<li data-start=\"2614\" data-end=\"2677\">\n<p data-start=\"2616\" data-end=\"2677\">Oferta de <strong data-start=\"2626\" data-end=\"2650\">Grados A, B, C, D y E<\/strong> , presenciales y online.<\/p>\n<\/li>\n<li data-start=\"2678\" data-end=\"2750\">\n<p data-start=\"2680\" data-end=\"2750\"><strong data-start=\"2680\" data-end=\"2707\">Orientaci\u00f3n profesional<\/strong> y acompa\u00f1amiento en la creaci\u00f3n de empresas.<\/p>\n<\/li>\n<li data-start=\"2751\" data-end=\"2823\">\n<p data-start=\"2753\" data-end=\"2823\"><strong data-start=\"2753\" data-end=\"2777\">Innovaci\u00f3n pedag\u00f3gica<\/strong> y conexi\u00f3n constante con el mundo empresarial.<\/p>\n<\/li>\n<li data-start=\"2824\" data-end=\"2900\">\n<p data-start=\"2826\" data-end=\"2900\"><strong data-start=\"2826\" data-end=\"2863\">Acuerdos y relaciones institucionales<\/strong> con agentes sociales y empresariales.<\/p>\n<\/li>\n<li data-start=\"2901\" data-end=\"3007\">\n<p data-start=\"2903\" data-end=\"3007\">Presencia e impacto en <strong data-start=\"2926\" data-end=\"2967\">Barcelona, \u200b\u200bGerona, Tarragona y L\u00e9rida<\/strong><\/p>\n<\/li>\n<\/ul>\n<p data-start=\"3009\" data-end=\"3214\">Con este Consejo, damos un paso adelante para <strong data-start=\"3053\" data-end=\"3096\">hacer crecer la FP integrada en Catalu\u00f1a<\/strong> y continuar trabajando codo con codo con empresas e instituciones para preparar a las personas profesionales del futuro.<\/p>\n<\/div><div class=\"fusion-separator fusion-full-width-sep\" style=\"align-self: center;margin-left: auto;margin-right: auto;flex-grow:3;margin-top:10px;margin-bottom:10px;width:100%;\"><\/div><\/div><\/div><\/div><\/div>\n","protected":false},"excerpt":{"rendered":"","protected":false},"author":2,"featured_media":11758,"comment_status":"closed","ping_status":"closed","sticky":false,"template":"","format":"standard","meta":{"_monsterinsights_skip_tracking":false,"_monsterinsights_sitenote_active":false,"_monsterinsights_sitenote_note":"","_monsterinsights_sitenote_category":0,"footnotes":""},"categories":[239,979],"tags":[982,980,125,981],"_links":{"self":[{"href":"https:\/\/politecnics.barcelona\/es\/wp-json\/wp\/v2\/posts\/12948"}],"collection":[{"href":"https:\/\/politecnics.barcelona\/es\/wp-json\/wp\/v2\/posts"}],"about":[{"href":"https:\/\/politecnics.barcelona\/es\/wp-json\/wp\/v2\/types\/post"}],"author":[{"embeddable":true,"href":"https:\/\/politecnics.barcelona\/es\/wp-json\/wp\/v2\/users\/2"}],"replies":[{"embeddable":true,"href":"https:\/\/politecnics.barcelona\/es\/wp-json\/wp\/v2\/comments?post=12948"}],"version-history":[{"count":5,"href":"https:\/\/politecnics.barcelona\/es\/wp-json\/wp\/v2\/posts\/12948\/revisions"}],"predecessor-version":[{"id":12953,"href":"https:\/\/politecnics.barcelona\/es\/wp-json\/wp\/v2\/posts\/12948\/revisions\/12953"}],"wp:featuredmedia":[{"embeddable":true,"href":"https:\/\/politecnics.barcelona\/es\/wp-json\/wp\/v2\/media\/11758"}],"wp:attachment":[{"href":"https:\/\/politecnics.barcelona\/es\/wp-json\/wp\/v2\/media?parent=12948"}],"wp:term":[{"taxonomy":"category","embeddable":true,"href":"https:\/\/politecnics.barcelona\/es\/wp-json\/wp\/v2\/categories?post=12948"},{"taxonomy":"post_tag","embeddable":true,"href":"https:\/\/politecnics.barcelona\/es\/wp-json\/wp\/v2\/tags?post=12948"}],"curies":[{"name":"wp","href":"https:\/\/api.w.org\/{rel}","templated":true}]}}