{"id":12954,"date":"2025-07-03T09:40:55","date_gmt":"2025-07-03T07:40:55","guid":{"rendered":"https:\/\/politecnics.barcelona\/buenas-practicas-docentes-cultura-restaurativa-y-herramientas-compartidas-en-el-politecnicos\/"},"modified":"2026-02-23T14:17:21","modified_gmt":"2026-02-23T13:17:21","slug":"buenas-practicas-docentes-cultura-restaurativa-y-herramientas-compartidas-en-el-politecnicos","status":"publish","type":"post","link":"https:\/\/politecnics.barcelona\/es\/buenas-practicas-docentes-cultura-restaurativa-y-herramientas-compartidas-en-el-politecnicos\/","title":{"rendered":"Buenas pr\u00e1cticas docentes: Cultura restaurativa y herramientas compartidas en el Polit\u00e9cnicos"},"content":{"rendered":"<div class=\"fusion-fullwidth fullwidth-box fusion-builder-row-1 fusion-flex-container nonhundred-percent-fullwidth non-hundred-percent-height-scrolling\" style=\"--awb-border-radius-top-left:0px;--awb-border-radius-top-right:0px;--awb-border-radius-bottom-right:0px;--awb-border-radius-bottom-left:0px;--awb-flex-wrap:wrap;\" ><div class=\"fusion-builder-row fusion-row fusion-flex-align-items-flex-start fusion-flex-content-wrap\" style=\"max-width:1248px;margin-left: calc(-4% \/ 2 );margin-right: calc(-4% \/ 2 );\"><div class=\"fusion-layout-column fusion_builder_column fusion-builder-column-0 fusion_builder_column_1_1 1_1 fusion-flex-column\" style=\"--awb-bg-size:cover;--awb-width-large:100%;--awb-margin-top-large:0px;--awb-spacing-right-large:1.92%;--awb-margin-bottom-large:0px;--awb-spacing-left-large:1.92%;--awb-width-medium:100%;--awb-spacing-right-medium:1.92%;--awb-spacing-left-medium:1.92%;--awb-width-small:100%;--awb-spacing-right-small:1.92%;--awb-spacing-left-small:1.92%;\"><div class=\"fusion-column-wrapper fusion-flex-justify-content-flex-start fusion-content-layout-column\"><div class=\"fusion-title title fusion-title-1 fusion-sep-none fusion-title-text fusion-title-size-one\"><h1 class=\"fusion-title-heading title-heading-left fusion-responsive-typography-calculated\" style=\"margin:0;--fontSize:60;line-height:1.2;\"><h3><b>Buenas pr\u00e1cticas docentes:<\/b> <b>Cultura restaurativa y herramientas compartidas en el Polit\u00e9cnicos<\/b><\/h3><\/h1><\/div><div class=\"fusion-text fusion-text-1\" style=\"--awb-text-transform:none;\"><p><span style=\"font-weight: 400;\">Este verano 2025, el Centro de Estudios Polit\u00e9cnicos ha celebrado dos jornadas colaborativas centrada en la<\/span> <b><i>cultura restaurativa y la gesti\u00f3n compartida<\/i><\/b> <span style=\"font-weight: 400;\">, con el objetivo de<\/span> <b>mejorar la convivencia y reforzar el v\u00ednculo educativo<\/b> <span style=\"font-weight: 400;\">, adem\u00e1s de adquirir competencias y herramientas para poder trabajar en nuestro d\u00eda a d\u00eda como docentes.<\/span><\/p>\n<h4><b>Abrimos con empat\u00eda:<\/b> <b><i>Un paso adelante<\/i><\/b><\/h4>\n<p><span style=\"font-weight: 400;\">Las jornadas se inician con la din\u00e1mica  <\/span><i><span style=\"font-weight: 400;\">Un paso adelante. \u00c9sta   <\/span><\/i><span style=\"font-weight: 400;\">  propuesta vivencial est\u00e1 basada en la met\u00e1fora de la \u201cmochila invisible\u201d y estructurada en cuatro bloques tem\u00e1ticos: compromisos profesionales, espacios m\u00e1s seguros, herramientas de acompa\u00f1amiento y uso de la IA. Esta actividad vivencial que permiti\u00f3 al equipo docente explorar su posicionamiento profesional y emocional a trav\u00e9s de   <\/span><b>la escucha, la vulnerabilidad y el respeto<\/b><span style=\"font-weight: 400;\">. A partir de frases relacionadas con el bienestar, la convivencia y el acompa\u00f1amiento, las personas participantes visualizaron colectivamente las fortalezas y retos del grupo.  <\/span><\/p>\n<p><span style=\"font-weight: 400;\">Cada afirmaci\u00f3n planteada invitaba a reconocer aspectos de la propia pr\u00e1ctica docente, dar un paso simb\u00f3lico hacia adelante y observar el mapa colectivo generado. Esta experiencia abri\u00f3 un   <\/span><b>c\u00edrculo de palabra restaurativo<\/b> <span style=\"font-weight: 400;\">donde se compartieron emociones, complicidades y reflexiones profundas desde el respeto y la escucha activa.<\/span><\/p>\n<p><span style=\"font-weight: 400;\">Los objetivos de esta din\u00e1mica eran:<\/span><\/p>\n<ul>\n<li style=\"font-weight: 400;\" aria-level=\"1\"><span style=\"font-weight: 400;\">Tomar conciencia del propio posicionamiento profesional.<\/span><\/li>\n<li style=\"font-weight: 400;\" aria-level=\"1\"><span style=\"font-weight: 400;\">Identificar \u00e1reas de mejora y fortaleza.<\/span><\/li>\n<li style=\"font-weight: 400;\" aria-level=\"1\"><span style=\"font-weight: 400;\">Generar empat\u00eda entre docentes.<\/span><\/li>\n<li style=\"font-weight: 400;\" aria-level=\"1\"><span style=\"font-weight: 400;\">Abrir espacios de compromiso y di\u00e1logo abierto.<\/span><span style=\"font-weight: 400;\"><br \/>\n<\/span><\/li>\n<\/ul>\n<h4><b>Cuatro ejes, una mirada global<\/b><\/h4>\n<p><span style=\"font-weight: 400;\">A continuaci\u00f3n, se desarroll\u00f3 una din\u00e1mica por tablas donde se trabajaron cuatro ejes fundamentales de forma rotativa:<\/span><\/p>\n<ol>\n<li style=\"font-weight: 400;\" aria-level=\"1\"><b><i>Compromisos<\/i><\/b> <span style=\"font-weight: 400;\">: Se identificaron criterios y se elabor\u00f3 \u200b\u200buna \u00abchecklist de imperdonables\u00bb de un buen compromiso.<\/span><\/li>\n<li style=\"font-weight: 400;\" aria-level=\"1\"><b><i>Herramientas comunes<\/i><\/b> <span style=\"font-weight: 400;\">: Se analiz\u00f3 cuando conviene dejar constancia de los conflictos y se revisaron recursos de acompa\u00f1amiento.<\/span><\/li>\n<li style=\"font-weight: 400;\" aria-level=\"1\"><b><i>Espacios m\u00e1s seguros<\/i><\/b> <span style=\"font-weight: 400;\">: Se reflexion\u00f3 sobre las necesidades personales y colectivas para generar entornos m\u00e1s seguros.<\/span><\/li>\n<li style=\"font-weight: 400;\" aria-level=\"1\"><b><i>Globalizar con IA<\/i><\/b> <b>:<\/b> <span style=\"font-weight: 400;\">Se exploraron ventajas, riesgos y aplicaciones concretas de la IA en la docencia.<\/span><\/li>\n<\/ol>\n<p><span style=\"font-weight: 400;\">El trabajo en cada una de las tablas evidenci\u00f3 la necesidad de trasladar las buenas pr\u00e1cticas no s\u00f3lo a nivel de equipo sino tambi\u00e9n al<\/span> <b>d\u00eda a d\u00eda del aula<\/b><span style=\"font-weight: 400;\">. La globalizaci\u00f3n de los ciclos, con metodolog\u00edas compartidas y acciones coordinadas, se convierte en una oportunidad para generar  <\/span><b>continuidades pedag\u00f3gicas, coherencia educativa y mejoras reales en el acompa\u00f1amiento al alumnado<\/b> <span style=\"font-weight: 400;\">.<\/span><\/p>\n<p><span style=\"font-weight: 400;\">No se trata s\u00f3lo de hablar de cultura restaurativa, sino de<\/span> <b>incorporarla de forma viva<\/b><span style=\"font-weight: 400;\">  en la planificaci\u00f3n, actividades y relaciones cotidianas. Este reto implica <\/span> <b>revisar roles, compartir herramientas y establecer acuerdos<\/b> <span style=\"font-weight: 400;\">que tengan incidencia directa en la pr\u00e1ctica docente.<\/span><\/p>\n<p><span style=\"font-weight: 400;\">Cada grupo trabaj\u00f3 con herramientas propias del di\u00e1logo restaurativo<\/span> <b>(<\/b> <b><i>Para, Parla<\/i><\/b> <b>,<\/b> <b><i>Pacta<\/i><\/b> <span style=\"font-weight: 400;\">) y culmin\u00f3 con la preparaci\u00f3n de una exposici\u00f3n breve e improvisada (<\/span> <b><i>ImproTalknics<\/i><\/b> <span style=\"font-weight: 400;\">) para compartir los aprendizajes clave y favorecer la conexi\u00f3n entre equipos.<\/span><\/p>\n<p><span style=\"font-weight: 400;\">Este enfoque ha favorecido:<\/span><\/p>\n<ul>\n<li style=\"font-weight: 400;\" aria-level=\"1\"><span style=\"font-weight: 400;\">Una mayor conciencia sobre los compromisos docentes.<\/span><\/li>\n<li style=\"font-weight: 400;\" aria-level=\"1\"><span style=\"font-weight: 400;\">La co-creaci\u00f3n de herramientas \u00fatiles y compartidas.<\/span><\/li>\n<li style=\"font-weight: 400;\" aria-level=\"1\"><span style=\"font-weight: 400;\">La generaci\u00f3n de un marco de seguridad emocional.<\/span><\/li>\n<li style=\"font-weight: 400;\" aria-level=\"1\"><span style=\"font-weight: 400;\">La reflexi\u00f3n cr\u00edtica sobre el uso pedag\u00f3gico de la inteligencia artificial.<\/span><\/li>\n<\/ul>\n<p><span style=\"font-weight: 400;\">Este tipo de encuentros refuerzan el sentido de<\/span> <b>comunidad educativa<\/b> <span style=\"font-weight: 400;\">y hacen avanzar nuestra pr\u00e1ctica hacia un enfoque m\u00e1s<\/span> <b>restaurativo, colaborativo y consciente.<\/b><\/p>\n<\/div><div class=\"fusion-separator fusion-full-width-sep\" style=\"align-self: center;margin-left: auto;margin-right: auto;flex-grow:3;margin-top:10px;margin-bottom:10px;width:100%;\"><\/div><\/div><\/div><div class=\"fusion-layout-column fusion_builder_column fusion-builder-column-1 fusion_builder_column_1_1 1_1 fusion-flex-column\" style=\"--awb-bg-size:cover;--awb-width-large:100%;--awb-margin-top-large:0px;--awb-spacing-right-large:1.92%;--awb-margin-bottom-large:20px;--awb-spacing-left-large:1.92%;--awb-width-medium:100%;--awb-order-medium:0;--awb-spacing-right-medium:1.92%;--awb-spacing-left-medium:1.92%;--awb-width-small:100%;--awb-order-small:0;--awb-spacing-right-small:1.92%;--awb-spacing-left-small:1.92%;\"><div class=\"fusion-column-wrapper fusion-column-has-shadow fusion-flex-justify-content-flex-start fusion-content-layout-column\"><div class=\"fusion-title title fusion-title-2 fusion-sep-none fusion-title-text fusion-title-size-one\"><h1 class=\"fusion-title-heading title-heading-left fusion-responsive-typography-calculated\" style=\"margin:0;--fontSize:60;line-height:1.2;\"><h2 data-start=\"4389\" data-end=\"4450\">Pr\u00f3ximamente&#8230;<\/h2><\/h1><\/div><div class=\"fusion-text fusion-text-2\" style=\"--awb-text-transform:none;\"><p class=\"\" data-start=\"611\" data-end=\"948\"><span style=\"font-weight: 400;\">Recogeremos en un segundo art\u00edculo las conclusiones de cada mesa y algunas propuestas concretas surgidas de los<\/span> <i><span style=\"font-weight: 400;\">ImproTalknics<\/span><\/i> <span style=\"font-weight: 400;\">, peque\u00f1as exposiciones improvisadas que dieron voz a los equipos participantes.<\/span><\/p>\n<p class=\"\" data-start=\"5130\" data-end=\"5166\">&#8211;<br data-start=\"5131\" data-end=\"5134\"> <strong data-start=\"5134\" data-end=\"5166\">Irene Morales &amp; Antonio Domingo<\/strong><\/p>\n<\/div><div class=\"awb-gallery-wrapper awb-gallery-wrapper-1 button-span-no\" style=\"--more-btn-alignment:center;\" data-limit=\"10\" data-page=\"1\"><div style=\"margin:-5px;--awb-bordersize:0px;\" class=\"fusion-gallery fusion-gallery-container fusion-grid-3 fusion-columns-total-7 fusion-gallery-layout-grid fusion-gallery-1\"><div style=\"padding:5px;\" class=\"fusion-grid-column fusion-gallery-column fusion-gallery-column-3 hover-type-none\"><div class=\"fusion-gallery-image\"><a href=\"https:\/\/politecnics.barcelona\/wp-content\/uploads\/WhatsApp-Image-2025-07-03-at-09.28.55.jpeg\" rel=\"noreferrer\" data-rel=\"iLightbox[gallery_image_1]\" class=\"fusion-lightbox\" target=\"_self\"><img decoding=\"async\" src=\"https:\/\/politecnics.barcelona\/wp-content\/uploads\/WhatsApp-Image-2025-07-03-at-09.28.55.jpeg\" width=\"1600\" height=\"899\" alt=\"\" title=\"WhatsApp Image 2025-07-03 at 09.28.55\" aria-label=\"WhatsApp Image 2025-07-03 at 09.28.55\" class=\"img-responsive wp-image-11602\" srcset=\"https:\/\/politecnics.barcelona\/wp-content\/uploads\/WhatsApp-Image-2025-07-03-at-09.28.55-200x112.jpeg 200w, https:\/\/politecnics.barcelona\/wp-content\/uploads\/WhatsApp-Image-2025-07-03-at-09.28.55-400x225.jpeg 400w, https:\/\/politecnics.barcelona\/wp-content\/uploads\/WhatsApp-Image-2025-07-03-at-09.28.55-600x337.jpeg 600w, https:\/\/politecnics.barcelona\/wp-content\/uploads\/WhatsApp-Image-2025-07-03-at-09.28.55-800x450.jpeg 800w, https:\/\/politecnics.barcelona\/wp-content\/uploads\/WhatsApp-Image-2025-07-03-at-09.28.55-1200x674.jpeg 1200w, https:\/\/politecnics.barcelona\/wp-content\/uploads\/WhatsApp-Image-2025-07-03-at-09.28.55.jpeg 1600w\" sizes=\"(min-width: 2200px) 100vw, (min-width: 768px) 397px, (min-width: 704px) 595px, (min-width: 640px) 704px, \" \/><\/a><\/div><\/div><div style=\"padding:5px;\" class=\"fusion-grid-column fusion-gallery-column fusion-gallery-column-3 hover-type-none\"><div class=\"fusion-gallery-image\"><a href=\"https:\/\/politecnics.barcelona\/wp-content\/uploads\/WhatsApp-Image-2025-07-03-at-09.41.35.jpeg\" rel=\"noreferrer\" data-rel=\"iLightbox[gallery_image_1]\" class=\"fusion-lightbox\" target=\"_self\"><img decoding=\"async\" src=\"https:\/\/politecnics.barcelona\/wp-content\/uploads\/WhatsApp-Image-2025-07-03-at-09.41.35.jpeg\" width=\"900\" height=\"1600\" alt=\"\" title=\"WhatsApp Image 2025-07-03 at 09.41.35\" aria-label=\"WhatsApp Image 2025-07-03 at 09.41.35\" class=\"img-responsive wp-image-11617\" srcset=\"https:\/\/politecnics.barcelona\/wp-content\/uploads\/WhatsApp-Image-2025-07-03-at-09.41.35-200x356.jpeg 200w, https:\/\/politecnics.barcelona\/wp-content\/uploads\/WhatsApp-Image-2025-07-03-at-09.41.35-400x711.jpeg 400w, https:\/\/politecnics.barcelona\/wp-content\/uploads\/WhatsApp-Image-2025-07-03-at-09.41.35-600x1067.jpeg 600w, https:\/\/politecnics.barcelona\/wp-content\/uploads\/WhatsApp-Image-2025-07-03-at-09.41.35-800x1422.jpeg 800w, https:\/\/politecnics.barcelona\/wp-content\/uploads\/WhatsApp-Image-2025-07-03-at-09.41.35.jpeg 900w\" sizes=\"(min-width: 2200px) 100vw, (min-width: 768px) 397px, (min-width: 704px) 595px, (min-width: 640px) 704px, \" \/><\/a><\/div><\/div><div style=\"padding:5px;\" class=\"fusion-grid-column fusion-gallery-column fusion-gallery-column-3 hover-type-none\"><div class=\"fusion-gallery-image\"><a href=\"https:\/\/politecnics.barcelona\/wp-content\/uploads\/WhatsApp-Image-2025-07-03-at-09.29.39.jpeg\" rel=\"noreferrer\" data-rel=\"iLightbox[gallery_image_1]\" class=\"fusion-lightbox\" target=\"_self\"><img decoding=\"async\" src=\"https:\/\/politecnics.barcelona\/wp-content\/uploads\/WhatsApp-Image-2025-07-03-at-09.29.39.jpeg\" width=\"900\" height=\"1600\" alt=\"\" title=\"WhatsApp Image 2025-07-03 at 09.29.39\" aria-label=\"WhatsApp Image 2025-07-03 at 09.29.39\" class=\"img-responsive wp-image-11600\" srcset=\"https:\/\/politecnics.barcelona\/wp-content\/uploads\/WhatsApp-Image-2025-07-03-at-09.29.39-200x356.jpeg 200w, https:\/\/politecnics.barcelona\/wp-content\/uploads\/WhatsApp-Image-2025-07-03-at-09.29.39-400x711.jpeg 400w, https:\/\/politecnics.barcelona\/wp-content\/uploads\/WhatsApp-Image-2025-07-03-at-09.29.39-600x1067.jpeg 600w, https:\/\/politecnics.barcelona\/wp-content\/uploads\/WhatsApp-Image-2025-07-03-at-09.29.39-800x1422.jpeg 800w, https:\/\/politecnics.barcelona\/wp-content\/uploads\/WhatsApp-Image-2025-07-03-at-09.29.39.jpeg 900w\" sizes=\"(min-width: 2200px) 100vw, (min-width: 768px) 397px, (min-width: 704px) 595px, (min-width: 640px) 704px, \" \/><\/a><\/div><\/div><div class=\"clearfix\"><\/div><div style=\"padding:5px;\" class=\"fusion-grid-column fusion-gallery-column fusion-gallery-column-3 hover-type-none\"><div class=\"fusion-gallery-image\"><a href=\"https:\/\/politecnics.barcelona\/wp-content\/uploads\/WhatsApp-Image-2025-07-03-at-09.43.24.jpeg\" rel=\"noreferrer\" data-rel=\"iLightbox[gallery_image_1]\" class=\"fusion-lightbox\" target=\"_self\"><img decoding=\"async\" src=\"https:\/\/politecnics.barcelona\/wp-content\/uploads\/WhatsApp-Image-2025-07-03-at-09.43.24.jpeg\" width=\"1600\" height=\"1437\" alt=\"\" title=\"WhatsApp Image 2025-07-03 at 09.43.24\" aria-label=\"WhatsApp Image 2025-07-03 at 09.43.24\" class=\"img-responsive wp-image-11613\" srcset=\"https:\/\/politecnics.barcelona\/wp-content\/uploads\/WhatsApp-Image-2025-07-03-at-09.43.24-200x180.jpeg 200w, https:\/\/politecnics.barcelona\/wp-content\/uploads\/WhatsApp-Image-2025-07-03-at-09.43.24-400x359.jpeg 400w, https:\/\/politecnics.barcelona\/wp-content\/uploads\/WhatsApp-Image-2025-07-03-at-09.43.24-600x539.jpeg 600w, https:\/\/politecnics.barcelona\/wp-content\/uploads\/WhatsApp-Image-2025-07-03-at-09.43.24-800x719.jpeg 800w, https:\/\/politecnics.barcelona\/wp-content\/uploads\/WhatsApp-Image-2025-07-03-at-09.43.24-1200x1078.jpeg 1200w, https:\/\/politecnics.barcelona\/wp-content\/uploads\/WhatsApp-Image-2025-07-03-at-09.43.24.jpeg 1600w\" sizes=\"(min-width: 2200px) 100vw, (min-width: 768px) 397px, (min-width: 704px) 595px, (min-width: 640px) 704px, \" \/><\/a><\/div><\/div><div style=\"padding:5px;\" class=\"fusion-grid-column fusion-gallery-column fusion-gallery-column-3 hover-type-none\"><div class=\"fusion-gallery-image\"><a href=\"https:\/\/politecnics.barcelona\/wp-content\/uploads\/WhatsApp-Image-2025-07-03-at-09.30.05.jpeg\" rel=\"noreferrer\" data-rel=\"iLightbox[gallery_image_1]\" class=\"fusion-lightbox\" target=\"_self\"><img decoding=\"async\" src=\"https:\/\/politecnics.barcelona\/wp-content\/uploads\/WhatsApp-Image-2025-07-03-at-09.30.05.jpeg\" width=\"1100\" height=\"1599\" alt=\"\" title=\"WhatsApp Image 2025-07-03 at 09.30.05\" aria-label=\"WhatsApp Image 2025-07-03 at 09.30.05\" class=\"img-responsive wp-image-11606\" srcset=\"https:\/\/politecnics.barcelona\/wp-content\/uploads\/WhatsApp-Image-2025-07-03-at-09.30.05-200x291.jpeg 200w, https:\/\/politecnics.barcelona\/wp-content\/uploads\/WhatsApp-Image-2025-07-03-at-09.30.05-400x581.jpeg 400w, https:\/\/politecnics.barcelona\/wp-content\/uploads\/WhatsApp-Image-2025-07-03-at-09.30.05-600x872.jpeg 600w, https:\/\/politecnics.barcelona\/wp-content\/uploads\/WhatsApp-Image-2025-07-03-at-09.30.05-800x1163.jpeg 800w, https:\/\/politecnics.barcelona\/wp-content\/uploads\/WhatsApp-Image-2025-07-03-at-09.30.05.jpeg 1100w\" sizes=\"(min-width: 2200px) 100vw, (min-width: 768px) 397px, (min-width: 704px) 595px, (min-width: 640px) 704px, \" \/><\/a><\/div><\/div><div style=\"padding:5px;\" class=\"fusion-grid-column fusion-gallery-column fusion-gallery-column-3 hover-type-none\"><div class=\"fusion-gallery-image\"><a href=\"https:\/\/politecnics.barcelona\/wp-content\/uploads\/WhatsApp-Image-2025-07-03-at-09.29.13.jpeg\" rel=\"noreferrer\" data-rel=\"iLightbox[gallery_image_1]\" class=\"fusion-lightbox\" target=\"_self\"><img decoding=\"async\" src=\"https:\/\/politecnics.barcelona\/wp-content\/uploads\/WhatsApp-Image-2025-07-03-at-09.29.13.jpeg\" width=\"842\" height=\"1497\" alt=\"\" title=\"WhatsApp Image 2025-07-03 at 09.29.13\" aria-label=\"WhatsApp Image 2025-07-03 at 09.29.13\" class=\"img-responsive wp-image-11604\" srcset=\"https:\/\/politecnics.barcelona\/wp-content\/uploads\/WhatsApp-Image-2025-07-03-at-09.29.13-200x356.jpeg 200w, https:\/\/politecnics.barcelona\/wp-content\/uploads\/WhatsApp-Image-2025-07-03-at-09.29.13-400x711.jpeg 400w, https:\/\/politecnics.barcelona\/wp-content\/uploads\/WhatsApp-Image-2025-07-03-at-09.29.13-600x1067.jpeg 600w, https:\/\/politecnics.barcelona\/wp-content\/uploads\/WhatsApp-Image-2025-07-03-at-09.29.13-800x1422.jpeg 800w, https:\/\/politecnics.barcelona\/wp-content\/uploads\/WhatsApp-Image-2025-07-03-at-09.29.13.jpeg 842w\" sizes=\"(min-width: 2200px) 100vw, (min-width: 768px) 397px, (min-width: 704px) 595px, (min-width: 640px) 704px, \" \/><\/a><\/div><\/div><div class=\"clearfix\"><\/div><div style=\"padding:5px;\" class=\"fusion-grid-column fusion-gallery-column fusion-gallery-column-3 hover-type-none\"><div class=\"fusion-gallery-image\"><a href=\"https:\/\/politecnics.barcelona\/wp-content\/uploads\/WhatsApp-Image-2025-07-03-at-09.42.00-1-e1751528796767.jpeg\" rel=\"noreferrer\" data-rel=\"iLightbox[gallery_image_1]\" class=\"fusion-lightbox\" target=\"_self\"><img decoding=\"async\" src=\"https:\/\/politecnics.barcelona\/wp-content\/uploads\/WhatsApp-Image-2025-07-03-at-09.42.00-1-e1751528796767.jpeg\" width=\"899\" height=\"1600\" alt=\"\" title=\"WhatsApp Image 2025-07-03 at 09.42.00 (1)\" aria-label=\"WhatsApp Image 2025-07-03 at 09.42.00 (1)\" class=\"img-responsive wp-image-11615\"  \/><\/a><\/div><\/div><\/div><\/div><\/div><\/div><\/div><\/div>\n","protected":false},"excerpt":{"rendered":"","protected":false},"author":2,"featured_media":11603,"comment_status":"closed","ping_status":"closed","sticky":false,"template":"","format":"standard","meta":{"_monsterinsights_skip_tracking":false,"_monsterinsights_sitenote_active":false,"_monsterinsights_sitenote_note":"","_monsterinsights_sitenote_category":0,"footnotes":""},"categories":[239,66],"tags":[324,984,319,983],"_links":{"self":[{"href":"https:\/\/politecnics.barcelona\/es\/wp-json\/wp\/v2\/posts\/12954"}],"collection":[{"href":"https:\/\/politecnics.barcelona\/es\/wp-json\/wp\/v2\/posts"}],"about":[{"href":"https:\/\/politecnics.barcelona\/es\/wp-json\/wp\/v2\/types\/post"}],"author":[{"embeddable":true,"href":"https:\/\/politecnics.barcelona\/es\/wp-json\/wp\/v2\/users\/2"}],"replies":[{"embeddable":true,"href":"https:\/\/politecnics.barcelona\/es\/wp-json\/wp\/v2\/comments?post=12954"}],"version-history":[{"count":2,"href":"https:\/\/politecnics.barcelona\/es\/wp-json\/wp\/v2\/posts\/12954\/revisions"}],"predecessor-version":[{"id":12956,"href":"https:\/\/politecnics.barcelona\/es\/wp-json\/wp\/v2\/posts\/12954\/revisions\/12956"}],"wp:featuredmedia":[{"embeddable":true,"href":"https:\/\/politecnics.barcelona\/es\/wp-json\/wp\/v2\/media\/11603"}],"wp:attachment":[{"href":"https:\/\/politecnics.barcelona\/es\/wp-json\/wp\/v2\/media?parent=12954"}],"wp:term":[{"taxonomy":"category","embeddable":true,"href":"https:\/\/politecnics.barcelona\/es\/wp-json\/wp\/v2\/categories?post=12954"},{"taxonomy":"post_tag","embeddable":true,"href":"https:\/\/politecnics.barcelona\/es\/wp-json\/wp\/v2\/tags?post=12954"}],"curies":[{"name":"wp","href":"https:\/\/api.w.org\/{rel}","templated":true}]}}