{"id":13146,"date":"2026-03-09T15:42:57","date_gmt":"2026-03-09T14:42:57","guid":{"rendered":"https:\/\/politecnics.barcelona\/de-espana-a-hannover-la-experiencia-erasmus-del-max-en-5-minutos\/"},"modified":"2026-03-09T16:07:14","modified_gmt":"2026-03-09T15:07:14","slug":"de-espana-a-hannover-la-experiencia-erasmus-del-max-en-5-minutos","status":"publish","type":"post","link":"https:\/\/politecnics.barcelona\/es\/de-espana-a-hannover-la-experiencia-erasmus-del-max-en-5-minutos\/","title":{"rendered":"De Barcelona a Hannover: la experiencia Erasmus del Max en 5 minutos"},"content":{"rendered":"<p><div class=\"fusion-fullwidth fullwidth-box fusion-builder-row-1 fusion-flex-container nonhundred-percent-fullwidth non-hundred-percent-height-scrolling\" style=\"--awb-border-radius-top-left:0px;--awb-border-radius-top-right:0px;--awb-border-radius-bottom-right:0px;--awb-border-radius-bottom-left:0px;--awb-flex-wrap:wrap;\" ><div class=\"fusion-builder-row fusion-row fusion-flex-align-items-flex-start fusion-flex-content-wrap\" style=\"max-width:1248px;margin-left: calc(-4% \/ 2 );margin-right: calc(-4% \/ 2 );\"><div class=\"fusion-layout-column fusion_builder_column fusion-builder-column-0 fusion_builder_column_1_1 1_1 fusion-flex-column\" style=\"--awb-bg-size:cover;--awb-width-large:100%;--awb-margin-top-large:0px;--awb-spacing-right-large:1.92%;--awb-margin-bottom-large:20px;--awb-spacing-left-large:1.92%;--awb-width-medium:100%;--awb-order-medium:0;--awb-spacing-right-medium:1.92%;--awb-spacing-left-medium:1.92%;--awb-width-small:100%;--awb-order-small:0;--awb-spacing-right-small:1.92%;--awb-spacing-left-small:1.92%;\"><div class=\"fusion-column-wrapper fusion-column-has-shadow fusion-flex-justify-content-flex-start fusion-content-layout-column\"><div class=\"fusion-title title fusion-title-1 fusion-sep-none fusion-title-text fusion-title-size-one\"><h1 class=\"fusion-title-heading title-heading-left fusion-responsive-typography-calculated\" style=\"margin:0;--fontSize:60;line-height:1.2;\"><h1 class=\"fusion-responsive-typography-calculated\" style=\"text-align: left;\" data-fontsize=\"60\" data-lineheight=\"72px\">De Barcelona a Hannover: la experiencia Erasmus del Max en 5 minutos<\/h1><\/h1><\/div><div class=\"fusion-text fusion-text-1\"><p data-start=\"237\" data-end=\"433\">Me llamo Max Fern\u00e1ndez Reimann y llevo <strong data-start=\"274\" data-end=\"296\">45 d\u00edas en Alemania<\/strong> realizando mi Erasmus de pr\u00e1cticas en <strong data-start=\"339\" data-end=\"364\">Linglong Germany GmbH<\/strong> , una empresa del sector de la automoci\u00f3n especializada en neum\u00e1ticos.<\/p>\n<p data-start=\"435\" data-end=\"754\">Desde que llegu\u00e9, estoy trabajando principalmente en las \u00e1reas de <strong data-start=\"504\" data-end=\"551\">Log\u00edstica, Compras, Administraci\u00f3n y Finanzas<\/strong> , participando en proyectos reales que impactan directamente en la organizaci\u00f3n interna del taller y en la gesti\u00f3n empresarial. Ha sido un mes y medio intenso, lleno de aprendizaje profesional y personal. <\/p>\n<\/div><\/div><\/div><div class=\"fusion-layout-column fusion_builder_column fusion-builder-column-1 fusion_builder_column_1_1 1_1 fusion-flex-column\" style=\"--awb-bg-size:cover;--awb-width-large:100%;--awb-margin-top-large:0px;--awb-spacing-right-large:1.92%;--awb-margin-bottom-large:20px;--awb-spacing-left-large:1.92%;--awb-width-medium:100%;--awb-order-medium:0;--awb-spacing-right-medium:1.92%;--awb-spacing-left-medium:1.92%;--awb-width-small:100%;--awb-order-small:0;--awb-spacing-right-small:1.92%;--awb-spacing-left-small:1.92%;\"><div class=\"fusion-column-wrapper fusion-column-has-shadow fusion-flex-justify-content-flex-start fusion-content-layout-column\"><div class=\"fusion-text fusion-text-2\"><h2 data-start=\"99\" data-end=\"143\">Mi aterrizaje en Alemania<\/h2>\n<p data-start=\"797\" data-end=\"1267\">Encontrar alojamiento fue uno de los primeros retos, y sin duda lo m\u00e1s complicado. Busqu\u00e9 principalmente a trav\u00e9s de <strong data-start=\"916\" data-end=\"930\">WG-Gesucht<\/strong> , un portal muy utilizado para alquilar habitaciones o pisos compartidos. Llegu\u00e9 a enviar cerca de <strong data-start=\"1030\" data-end=\"1049\">50 solicitudes<\/strong> , pero s\u00f3lo me respondieron unas cinco personas, y muchas no estaban interesadas en alquileres de s\u00f3lo tres meses. Adem\u00e1s, durante la b\u00fasqueda tambi\u00e9n me encontr\u00e9 con algunas estafas, as\u00ed que hay que tener mucho cuidado.   <\/p>\n<p data-start=\"1269\" data-end=\"1463\">Por suerte, mi empresa se encuentra en Hannover, una ciudad que ya conoc\u00eda porqu\u00e9 tengo familia. Un primo m\u00edo me ofreci\u00f3 alojarme con \u00e9l, lo que me facilit\u00f3 mucho el inicio de la estancia. <\/p>\n<p data-start=\"1465\" data-end=\"1794\">Los primeros d\u00edas fueron muy buenos. De peque\u00f1o ya hab\u00eda visitado la ciudad varias veces y tengo una peque\u00f1a base de alem\u00e1n, aunque estaba muy emocionado por empezar este nuevo reto. Adem\u00e1s, justo el d\u00eda en que llegu\u00e9 hab\u00eda una gran nevada, as\u00ed que desde el primer momento not\u00e9 la diferencia entre Alemania y Espa\u00f1a.  <\/p>\n<p data-start=\"1796\" data-end=\"2211\">En cuanto al idioma, a pesar de tener una base de alem\u00e1n coloquial, el lenguaje t\u00e9cnico y empresarial me resulta todav\u00eda complicado. En la empresa se habla bastante ingl\u00e9s, pero el alem\u00e1n est\u00e1 muy presente en el d\u00eda a d\u00eda. Recuerdo una an\u00e9cdota divertida: la primera vez que intent\u00e9 seguir una conversaci\u00f3n r\u00e1pida entre compa\u00f1eros en alem\u00e1n t\u00e9cnico entend\u00ed aproximadamente un <strong data-start=\"2170\" data-end=\"2177\">20%<\/strong> , pero poco a poco mejor\u00e9.  <\/p>\n<p data-start=\"2213\" data-end=\"2595\">Tambi\u00e9n existen peque\u00f1as diferencias culturales que llaman la atenci\u00f3n. Por ejemplo, los horarios de las comidas son muy diferentes: aqu\u00ed desayunan sobre las <strong data-start=\"2357\" data-end=\"2372\">7:00 o 8:00<\/strong> , comen entre <strong data-start=\"2386\" data-end=\"2403\">12:00 y 13:00<\/strong> y cenan entre <strong data-start=\"2418\" data-end=\"2435\">18:00 y 20:00<\/strong> . Adem\u00e1s, los encuentros sociales tambi\u00e9n comienzan mucho antes que en Espa\u00f1a: muchas fiestas o salidas comienzan sobre las <strong data-start=\"2550\" data-end=\"2567\">17:00 o 18:00<\/strong> y terminan antes de medianoche.  <\/p>\n<\/div><\/div><\/div><div class=\"fusion-layout-column fusion_builder_column fusion-builder-column-2 fusion_builder_column_1_6 1_6 fusion-flex-column\" style=\"--awb-bg-size:cover;--awb-width-large:16.666666666667%;--awb-margin-top-large:0px;--awb-spacing-right-large:11.52%;--awb-margin-bottom-large:20px;--awb-spacing-left-large:11.52%;--awb-width-medium:16.666666666667%;--awb-order-medium:0;--awb-spacing-right-medium:11.52%;--awb-spacing-left-medium:11.52%;--awb-width-small:100%;--awb-order-small:0;--awb-spacing-right-small:1.92%;--awb-spacing-left-small:1.92%;\"><div class=\"fusion-column-wrapper fusion-column-has-shadow fusion-flex-justify-content-flex-start fusion-content-layout-column\"><\/div><\/div><div class=\"fusion-layout-column fusion_builder_column fusion-builder-column-3 fusion_builder_column_1_3 1_3 fusion-flex-column\" style=\"--awb-bg-size:cover;--awb-width-large:33.333333333333%;--awb-margin-top-large:0px;--awb-spacing-right-large:5.76%;--awb-margin-bottom-large:20px;--awb-spacing-left-large:5.76%;--awb-width-medium:33.333333333333%;--awb-order-medium:0;--awb-spacing-right-medium:5.76%;--awb-spacing-left-medium:5.76%;--awb-width-small:100%;--awb-order-small:0;--awb-spacing-right-small:1.92%;--awb-spacing-left-small:1.92%;\"><div class=\"fusion-column-wrapper fusion-column-has-shadow fusion-flex-justify-content-flex-start fusion-content-layout-column\"><div class=\"fusion-image-element \" style=\"--awb-caption-title-font-family:var(--h2_typography-font-family);--awb-caption-title-font-weight:var(--h2_typography-font-weight);--awb-caption-title-font-style:var(--h2_typography-font-style);--awb-caption-title-size:var(--h2_typography-font-size);--awb-caption-title-transform:var(--h2_typography-text-transform);--awb-caption-title-line-height:var(--h2_typography-line-height);--awb-caption-title-letter-spacing:var(--h2_typography-letter-spacing);\"><span class=\" fusion-imageframe imageframe-none imageframe-1 hover-type-none\"><img decoding=\"async\" width=\"350\" height=\"438\" title=\"40\" src=\"https:\/\/politecnics.barcelona\/wp-content\/uploads\/40-1.png\" alt class=\"img-responsive wp-image-13136\" srcset=\"https:\/\/politecnics.barcelona\/wp-content\/uploads\/40-1-200x250.png 200w, https:\/\/politecnics.barcelona\/wp-content\/uploads\/40-1.png 350w\" sizes=\"(max-width: 800px) 100vw, 350px\" \/><\/span><\/div><\/div><\/div><div class=\"fusion-layout-column fusion_builder_column fusion-builder-column-4 fusion_builder_column_1_3 1_3 fusion-flex-column\" style=\"--awb-bg-size:cover;--awb-width-large:33.333333333333%;--awb-margin-top-large:0px;--awb-spacing-right-large:5.76%;--awb-margin-bottom-large:20px;--awb-spacing-left-large:5.76%;--awb-width-medium:33.333333333333%;--awb-order-medium:0;--awb-spacing-right-medium:5.76%;--awb-spacing-left-medium:5.76%;--awb-width-small:100%;--awb-order-small:0;--awb-spacing-right-small:1.92%;--awb-spacing-left-small:1.92%;\"><div class=\"fusion-column-wrapper fusion-column-has-shadow fusion-flex-justify-content-flex-start fusion-content-layout-column\"><div class=\"fusion-image-element \" style=\"--awb-caption-title-font-family:var(--h2_typography-font-family);--awb-caption-title-font-weight:var(--h2_typography-font-weight);--awb-caption-title-font-style:var(--h2_typography-font-style);--awb-caption-title-size:var(--h2_typography-font-size);--awb-caption-title-transform:var(--h2_typography-text-transform);--awb-caption-title-line-height:var(--h2_typography-line-height);--awb-caption-title-letter-spacing:var(--h2_typography-letter-spacing);\"><span class=\" fusion-imageframe imageframe-none imageframe-2 hover-type-none\"><img decoding=\"async\" width=\"350\" height=\"438\" title=\"41\" src=\"https:\/\/politecnics.barcelona\/wp-content\/uploads\/41-2.png\" alt class=\"img-responsive wp-image-13138\" srcset=\"https:\/\/politecnics.barcelona\/wp-content\/uploads\/41-2-200x250.png 200w, https:\/\/politecnics.barcelona\/wp-content\/uploads\/41-2.png 350w\" sizes=\"(max-width: 800px) 100vw, 350px\" \/><\/span><\/div><\/div><\/div><div class=\"fusion-layout-column fusion_builder_column fusion-builder-column-5 fusion_builder_column_1_6 1_6 fusion-flex-column\" style=\"--awb-bg-size:cover;--awb-width-large:16.666666666667%;--awb-margin-top-large:0px;--awb-spacing-right-large:11.52%;--awb-margin-bottom-large:20px;--awb-spacing-left-large:11.52%;--awb-width-medium:16.666666666667%;--awb-order-medium:0;--awb-spacing-right-medium:11.52%;--awb-spacing-left-medium:11.52%;--awb-width-small:100%;--awb-order-small:0;--awb-spacing-right-small:1.92%;--awb-spacing-left-small:1.92%;\"><div class=\"fusion-column-wrapper fusion-column-has-shadow fusion-flex-justify-content-flex-start fusion-content-layout-column\"><\/div><\/div><div class=\"fusion-layout-column fusion_builder_column fusion-builder-column-6 fusion_builder_column_1_1 1_1 fusion-flex-column\" style=\"--awb-bg-size:cover;--awb-width-large:100%;--awb-margin-top-large:0px;--awb-spacing-right-large:1.92%;--awb-margin-bottom-large:20px;--awb-spacing-left-large:1.92%;--awb-width-medium:100%;--awb-order-medium:0;--awb-spacing-right-medium:1.92%;--awb-spacing-left-medium:1.92%;--awb-width-small:100%;--awb-order-small:0;--awb-spacing-right-small:1.92%;--awb-spacing-left-small:1.92%;\"><div class=\"fusion-column-wrapper fusion-column-has-shadow fusion-flex-justify-content-flex-start fusion-content-layout-column\"><div class=\"fusion-text fusion-text-3\"><h2 data-start=\"99\" data-end=\"143\">Aprendiz y creciente en el trabajo<\/h2>\n<p data-start=\"2641\" data-end=\"2739\">En la empresa estoy desarrollando tareas relacionadas con <strong data-start=\"2698\" data-end=\"2738\">log\u00edstica, inventario y administraci\u00f3n<\/strong> .<\/p>\n<p data-start=\"2741\" data-end=\"2791\">Entre mis principales responsabilidades se encuentran:<\/p>\n<ul data-start=\"2793\" data-end=\"3143\">\n<li data-section-id=\"1vkjtxt\" data-start=\"2793\" data-end=\"2852\">\n<p data-start=\"2795\" data-end=\"2852\">Crear un <strong data-start=\"2804\" data-end=\"2837\">sistema de gesti\u00f3n de inventario<\/strong> en el taller.<\/p>\n<\/li>\n<li data-section-id=\"5q7rl4\" data-start=\"2853\" data-end=\"2918\">\n<p data-start=\"2855\" data-end=\"2918\">Actualizar y mantener el <strong data-start=\"2881\" data-end=\"2917\">control del stock de neum\u00e1ticos<\/strong> .<\/p>\n<\/li>\n<li data-section-id=\"j9i6gb\" data-start=\"2919\" data-end=\"2969\">\n<p data-start=\"2921\" data-end=\"2969\">Elaborar <strong data-start=\"2930\" data-end=\"2968\">gu\u00edas de uso del sistema de inventario<\/strong> .<\/p>\n<\/li>\n<li data-section-id=\"d8rf17\" data-start=\"2970\" data-end=\"3030\">\n<p data-start=\"2972\" data-end=\"3030\">Desarrollar <strong data-start=\"2985\" data-end=\"3029\">protocolos de seguridad dentro del almac\u00e9n<\/strong> .<\/p>\n<\/li>\n<li data-section-id=\"1y34eax\" data-start=\"3031\" data-end=\"3083\">\n<p data-start=\"3033\" data-end=\"3083\">Aprender la gesti\u00f3n de <strong data-start=\"3054\" data-end=\"3082\">env\u00edos de neum\u00e1ticos<\/strong> .<\/p>\n<\/li>\n<li data-section-id=\"kv3ezv\" data-start=\"3084\" data-end=\"3143\">\n<p data-start=\"3086\" data-end=\"3143\">Gestionar procesos de <strong data-start=\"3109\" data-end=\"3142\">facturaci\u00f3n de forma aut\u00f3noma<\/strong> .<\/p>\n<\/li>\n<\/ul>\n<p data-start=\"3145\" data-end=\"3427\">Uno de los proyectos m\u00e1s importantes ha sido <strong data-start=\"3187\" data-end=\"3263\">crear desde cero un sistema digital para gestionar el stock de neum\u00e1ticos<\/strong> , puesto que antes no exist\u00eda ning\u00fan sistema espec\u00edfico. He tenido que organizar las zonas del taller y definir un procedimiento claro para las entradas y salidas de material. <\/p>\n<p data-start=\"3429\" data-end=\"3722\">No esperaba tener tanta responsabilidad tan pronto. La empresa me ha confiado la creaci\u00f3n de este sistema y tambi\u00e9n la gesti\u00f3n de facturas durante un per\u00edodo de vacaciones del equipo financiero. Es algo que agradezco mucho, porque trabajo con mucha autonom\u00eda y confianza por parte de mis supervisores.  <\/p>\n<\/div><\/div><\/div><div class=\"fusion-layout-column fusion_builder_column fusion-builder-column-7 fusion_builder_column_1_6 1_6 fusion-flex-column\" style=\"--awb-bg-size:cover;--awb-width-large:16.666666666667%;--awb-margin-top-large:0px;--awb-spacing-right-large:11.52%;--awb-margin-bottom-large:20px;--awb-spacing-left-large:11.52%;--awb-width-medium:16.666666666667%;--awb-order-medium:0;--awb-spacing-right-medium:11.52%;--awb-spacing-left-medium:11.52%;--awb-width-small:100%;--awb-order-small:0;--awb-spacing-right-small:1.92%;--awb-spacing-left-small:1.92%;\"><div class=\"fusion-column-wrapper fusion-column-has-shadow fusion-flex-justify-content-flex-start fusion-content-layout-column\"><\/div><\/div><div class=\"fusion-layout-column fusion_builder_column fusion-builder-column-8 fusion_builder_column_1_3 1_3 fusion-flex-column\" style=\"--awb-bg-size:cover;--awb-width-large:33.333333333333%;--awb-margin-top-large:0px;--awb-spacing-right-large:5.76%;--awb-margin-bottom-large:20px;--awb-spacing-left-large:5.76%;--awb-width-medium:33.333333333333%;--awb-order-medium:0;--awb-spacing-right-medium:5.76%;--awb-spacing-left-medium:5.76%;--awb-width-small:100%;--awb-order-small:0;--awb-spacing-right-small:1.92%;--awb-spacing-left-small:1.92%;\"><div class=\"fusion-column-wrapper fusion-column-has-shadow fusion-flex-justify-content-flex-start fusion-content-layout-column\"><div class=\"fusion-image-element \" style=\"--awb-caption-title-font-family:var(--h2_typography-font-family);--awb-caption-title-font-weight:var(--h2_typography-font-weight);--awb-caption-title-font-style:var(--h2_typography-font-style);--awb-caption-title-size:var(--h2_typography-font-size);--awb-caption-title-transform:var(--h2_typography-text-transform);--awb-caption-title-line-height:var(--h2_typography-line-height);--awb-caption-title-letter-spacing:var(--h2_typography-letter-spacing);\"><span class=\" fusion-imageframe imageframe-none imageframe-3 hover-type-none\"><img decoding=\"async\" width=\"350\" height=\"438\" title=\"42\" src=\"https:\/\/politecnics.barcelona\/wp-content\/uploads\/42-3.png\" alt class=\"img-responsive wp-image-13140\" srcset=\"https:\/\/politecnics.barcelona\/wp-content\/uploads\/42-3-200x250.png 200w, https:\/\/politecnics.barcelona\/wp-content\/uploads\/42-3.png 350w\" sizes=\"(max-width: 800px) 100vw, 350px\" \/><\/span><\/div><\/div><\/div><div class=\"fusion-layout-column fusion_builder_column fusion-builder-column-9 fusion_builder_column_1_3 1_3 fusion-flex-column\" style=\"--awb-bg-size:cover;--awb-width-large:33.333333333333%;--awb-margin-top-large:0px;--awb-spacing-right-large:5.76%;--awb-margin-bottom-large:20px;--awb-spacing-left-large:5.76%;--awb-width-medium:33.333333333333%;--awb-order-medium:0;--awb-spacing-right-medium:5.76%;--awb-spacing-left-medium:5.76%;--awb-width-small:100%;--awb-order-small:0;--awb-spacing-right-small:1.92%;--awb-spacing-left-small:1.92%;\"><div class=\"fusion-column-wrapper fusion-column-has-shadow fusion-flex-justify-content-flex-start fusion-content-layout-column\"><div class=\"fusion-image-element \" style=\"--awb-caption-title-font-family:var(--h2_typography-font-family);--awb-caption-title-font-weight:var(--h2_typography-font-weight);--awb-caption-title-font-style:var(--h2_typography-font-style);--awb-caption-title-size:var(--h2_typography-font-size);--awb-caption-title-transform:var(--h2_typography-text-transform);--awb-caption-title-line-height:var(--h2_typography-line-height);--awb-caption-title-letter-spacing:var(--h2_typography-letter-spacing);\"><span class=\" fusion-imageframe imageframe-none imageframe-4 hover-type-none\"><img decoding=\"async\" width=\"350\" height=\"438\" title=\"43\" src=\"https:\/\/politecnics.barcelona\/wp-content\/uploads\/43-1.png\" alt class=\"img-responsive wp-image-13142\" srcset=\"https:\/\/politecnics.barcelona\/wp-content\/uploads\/43-1-200x250.png 200w, https:\/\/politecnics.barcelona\/wp-content\/uploads\/43-1.png 350w\" sizes=\"(max-width: 800px) 100vw, 350px\" \/><\/span><\/div><\/div><\/div><div class=\"fusion-layout-column fusion_builder_column fusion-builder-column-10 fusion_builder_column_1_6 1_6 fusion-flex-column\" style=\"--awb-bg-size:cover;--awb-width-large:16.666666666667%;--awb-margin-top-large:0px;--awb-spacing-right-large:11.52%;--awb-margin-bottom-large:20px;--awb-spacing-left-large:11.52%;--awb-width-medium:16.666666666667%;--awb-order-medium:0;--awb-spacing-right-medium:11.52%;--awb-spacing-left-medium:11.52%;--awb-width-small:100%;--awb-order-small:0;--awb-spacing-right-small:1.92%;--awb-spacing-left-small:1.92%;\"><div class=\"fusion-column-wrapper fusion-column-has-shadow fusion-flex-justify-content-flex-start fusion-content-layout-column\"><\/div><\/div><div class=\"fusion-layout-column fusion_builder_column fusion-builder-column-11 fusion_builder_column_1_1 1_1 fusion-flex-column\" style=\"--awb-bg-size:cover;--awb-width-large:100%;--awb-margin-top-large:0px;--awb-spacing-right-large:1.92%;--awb-margin-bottom-large:20px;--awb-spacing-left-large:1.92%;--awb-width-medium:100%;--awb-order-medium:0;--awb-spacing-right-medium:1.92%;--awb-spacing-left-medium:1.92%;--awb-width-small:100%;--awb-order-small:0;--awb-spacing-right-small:1.92%;--awb-spacing-left-small:1.92%;\"><div class=\"fusion-column-wrapper fusion-column-has-shadow fusion-flex-justify-content-flex-start fusion-content-layout-column\"><div class=\"fusion-text fusion-text-4\"><h2 data-start=\"99\" data-end=\"143\">La cultura laboral alemana<\/h2>\n<p data-start=\"3765\" data-end=\"3879\">Trabajar en una empresa alemana tambi\u00e9n me ha permitido descubrir algunas caracter\u00edsticas de su cultura laboral:<\/p>\n<ul data-start=\"3881\" data-end=\"4110\">\n<li data-section-id=\"eo82ba\" data-start=\"3881\" data-end=\"3971\">\n<p data-start=\"3883\" data-end=\"3971\"><strong data-start=\"3883\" data-end=\"3904\">Horarios flexibles<\/strong> : es necesario cumplir 8 horas diarias, pero la hora de entrada es flexible.<\/p>\n<\/li>\n<li data-section-id=\"v02iwk\" data-start=\"3972\" data-end=\"4011\">\n<p data-start=\"3974\" data-end=\"4011\"><strong data-start=\"3974\" data-end=\"4008\">Alta eficiencia y planificaci\u00f3n<\/strong> .<\/p>\n<\/li>\n<li data-section-id=\"jemfy1\" data-start=\"4012\" data-end=\"4057\">\n<p data-start=\"4014\" data-end=\"4057\"><strong data-start=\"4014\" data-end=\"4054\">Comunicaci\u00f3n directa pero respetuosa<\/strong> .<\/p>\n<\/li>\n<li data-section-id=\"10ee669\" data-start=\"4058\" data-end=\"4110\">\n<p data-start=\"4060\" data-end=\"4110\"><strong data-start=\"4060\" data-end=\"4109\">Mucha autonom\u00eda y confianza en el trabajador<\/strong> .<\/p>\n<\/li>\n<\/ul>\n<p data-start=\"4112\" data-end=\"4217\">La principal diferencia con Espa\u00f1a es su grado de <strong data-start=\"4161\" data-end=\"4188\">estructura y formalidad<\/strong> en los procesos de trabajo.<\/p>\n<h2 data-section-id=\"1sb645a\" data-start=\"4224\" data-end=\"4267\">El mejor momento y el mayor reto<\/h2>\n<p data-start=\"4269\" data-end=\"4493\">Uno de los momentos m\u00e1s satisfactorios hasta ahora ha sido presentar la primera propuesta del sistema de inventario y recibir <strong data-start=\"4383\" data-end=\"4403\">feedback positivo<\/strong> . Ver que tus ideas pueden mejorar procesos reales dentro de una empresa motiva mucho. <\/p>\n<p data-start=\"4495\" data-end=\"4756\">Lo dif\u00edcil ha sido adaptarme al <strong data-start=\"4533\" data-end=\"4565\">lenguaje t\u00e9cnico en alem\u00e1n<\/strong> ya la responsabilidad inicial. Por ejemplo, gestionar facturas de forma independiente fue todo un reto, pero pude afrontarlo organiz\u00e1ndome bien y preguntando siempre que ten\u00eda dudas. <\/p>\n<h2 data-section-id=\"gy09b6\" data-start=\"4763\" data-end=\"4808\"><strong data-start=\"4766\" data-end=\"4808\">Lo que me llevo de esta experiencia<\/strong><\/h2>\n<p data-start=\"4810\" data-end=\"4978\">Despu\u00e9s de 45 d\u00edas me siento mucho m\u00e1s seguro que en un principio. He ganado confianza profesional, autonom\u00eda y una visi\u00f3n m\u00e1s real de c\u00f3mo funciona una empresa internacional. <\/p>\n<p data-start=\"4980\" data-end=\"5171\">Para la segunda parte de la movilidad espero seguir mejorando el sistema de inventario, profundizar m\u00e1s en el \u00e1rea financiera y, sobre todo, seguir creciendo tanto profesional como personalmente.<\/p>\n<p data-start=\"5173\" data-end=\"5269\">Esta experiencia est\u00e1 siendo, sin duda, <strong data-start=\"5216\" data-end=\"5268\">un antes y un despu\u00e9s en mi etapa formativa<\/strong> .<\/p>\n<\/div><\/div><\/div><\/div><\/div><div class=\"fusion-fullwidth fullwidth-box fusion-builder-row-2 fusion-flex-container has-pattern-background has-mask-background nonhundred-percent-fullwidth non-hundred-percent-height-scrolling\" style=\"--awb-border-radius-top-left:0px;--awb-border-radius-top-right:0px;--awb-border-radius-bottom-right:0px;--awb-border-radius-bottom-left:0px;--awb-flex-wrap:wrap;\" ><div class=\"fusion-builder-row fusion-row fusion-flex-align-items-flex-start fusion-flex-content-wrap\" style=\"max-width:1248px;margin-left: calc(-4% \/ 2 );margin-right: calc(-4% \/ 2 );\"><div class=\"fusion-layout-column fusion_builder_column fusion-builder-column-12 fusion_builder_column_1_1 1_1 fusion-flex-column\" style=\"--awb-bg-size:cover;--awb-width-large:100%;--awb-margin-top-large:0px;--awb-spacing-right-large:1.92%;--awb-margin-bottom-large:20px;--awb-spacing-left-large:1.92%;--awb-width-medium:100%;--awb-order-medium:0;--awb-spacing-right-medium:1.92%;--awb-spacing-left-medium:1.92%;--awb-width-small:100%;--awb-order-small:0;--awb-spacing-right-small:1.92%;--awb-spacing-left-small:1.92%;\"><div class=\"fusion-column-wrapper fusion-column-has-shadow fusion-flex-justify-content-flex-start fusion-content-layout-column\"><\/div><\/div><\/div><\/div><\/p>\n","protected":false},"excerpt":{"rendered":"","protected":false},"author":2,"featured_media":13144,"comment_status":"closed","ping_status":"closed","sticky":false,"template":"","format":"standard","meta":{"_monsterinsights_skip_tracking":false,"_monsterinsights_sitenote_active":false,"_monsterinsights_sitenote_note":"","_monsterinsights_sitenote_category":0,"footnotes":""},"categories":[70,74,239,259,64],"tags":[482,173,68],"_links":{"self":[{"href":"https:\/\/politecnics.barcelona\/es\/wp-json\/wp\/v2\/posts\/13146"}],"collection":[{"href":"https:\/\/politecnics.barcelona\/es\/wp-json\/wp\/v2\/posts"}],"about":[{"href":"https:\/\/politecnics.barcelona\/es\/wp-json\/wp\/v2\/types\/post"}],"author":[{"embeddable":true,"href":"https:\/\/politecnics.barcelona\/es\/wp-json\/wp\/v2\/users\/2"}],"replies":[{"embeddable":true,"href":"https:\/\/politecnics.barcelona\/es\/wp-json\/wp\/v2\/comments?post=13146"}],"version-history":[{"count":5,"href":"https:\/\/politecnics.barcelona\/es\/wp-json\/wp\/v2\/posts\/13146\/revisions"}],"predecessor-version":[{"id":13176,"href":"https:\/\/politecnics.barcelona\/es\/wp-json\/wp\/v2\/posts\/13146\/revisions\/13176"}],"wp:featuredmedia":[{"embeddable":true,"href":"https:\/\/politecnics.barcelona\/es\/wp-json\/wp\/v2\/media\/13144"}],"wp:attachment":[{"href":"https:\/\/politecnics.barcelona\/es\/wp-json\/wp\/v2\/media?parent=13146"}],"wp:term":[{"taxonomy":"category","embeddable":true,"href":"https:\/\/politecnics.barcelona\/es\/wp-json\/wp\/v2\/categories?post=13146"},{"taxonomy":"post_tag","embeddable":true,"href":"https:\/\/politecnics.barcelona\/es\/wp-json\/wp\/v2\/tags?post=13146"}],"curies":[{"name":"wp","href":"https:\/\/api.w.org\/{rel}","templated":true}]}}