{"id":13613,"date":"2026-04-17T16:13:43","date_gmt":"2026-04-17T14:13:43","guid":{"rendered":"https:\/\/politecnics.barcelona\/la-cyberweek-llega-a-los-politecnics-una-semana-para-vivir-la-ciberseguridad\/"},"modified":"2026-04-22T09:19:10","modified_gmt":"2026-04-22T07:19:10","slug":"la-cyberweek-llega-a-los-politecnics-una-semana-para-vivir-la-ciberseguridad","status":"publish","type":"post","link":"https:\/\/politecnics.barcelona\/es\/la-cyberweek-llega-a-los-politecnics-una-semana-para-vivir-la-ciberseguridad\/","title":{"rendered":"La CYBERWEEK llega a los Polit\u00e8cnics: una semana para vivir la ciberseguridad"},"content":{"rendered":"<p><div class=\"fusion-fullwidth fullwidth-box fusion-builder-row-1 fusion-flex-container has-pattern-background has-mask-background nonhundred-percent-fullwidth non-hundred-percent-height-scrolling\" style=\"--awb-border-radius-top-left:0px;--awb-border-radius-top-right:0px;--awb-border-radius-bottom-right:0px;--awb-border-radius-bottom-left:0px;--awb-flex-wrap:wrap;\" ><div class=\"fusion-builder-row fusion-row fusion-flex-align-items-flex-start fusion-flex-content-wrap\" style=\"max-width:1248px;margin-left: calc(-4% \/ 2 );margin-right: calc(-4% \/ 2 );\"><\/div><\/div><div class=\"fusion-fullwidth fullwidth-box fusion-builder-row-2 fusion-flex-container nonhundred-percent-fullwidth non-hundred-percent-height-scrolling\" style=\"--awb-border-radius-top-left:0px;--awb-border-radius-top-right:0px;--awb-border-radius-bottom-right:0px;--awb-border-radius-bottom-left:0px;--awb-flex-wrap:wrap;\" ><div class=\"fusion-builder-row fusion-row fusion-flex-align-items-flex-start fusion-flex-content-wrap\" style=\"max-width:1248px;margin-left: calc(-4% \/ 2 );margin-right: calc(-4% \/ 2 );\"><div class=\"fusion-layout-column fusion_builder_column fusion-builder-column-0 fusion_builder_column_1_1 1_1 fusion-flex-column\" style=\"--awb-bg-size:cover;--awb-width-large:100%;--awb-margin-top-large:0px;--awb-spacing-right-large:1.92%;--awb-margin-bottom-large:20px;--awb-spacing-left-large:1.92%;--awb-width-medium:100%;--awb-order-medium:0;--awb-spacing-right-medium:1.92%;--awb-spacing-left-medium:1.92%;--awb-width-small:100%;--awb-order-small:0;--awb-spacing-right-small:1.92%;--awb-spacing-left-small:1.92%;\"><div class=\"fusion-column-wrapper fusion-column-has-shadow fusion-flex-justify-content-flex-start fusion-content-layout-column\"><div class=\"fusion-title title fusion-title-1 fusion-sep-none fusion-title-text fusion-title-size-one\"><h1 class=\"fusion-title-heading title-heading-left fusion-responsive-typography-calculated\" style=\"margin:0;--fontSize:60;line-height:1.2;\"><h1 class=\"entry-title fusion-responsive-typography-calculated\" data-fontsize=\"60\" data-lineheight=\"84px\">La CYBERWEEK llega a los Polit\u00e8cnics: una semana para vivir la ciberseguridad<\/h1><\/h1><\/div><div class=\"fusion-text fusion-text-1\"><p data-start=\"55\" data-end=\"208\">Durante unos d\u00edas, el <strong>Polit\u00e8cnics<\/strong> se transformar\u00e1. Aulas llenas, conversaciones que ir\u00e1n m\u00e1s all\u00e1 del temario y un tema en el centro de todo: la <strong>ciberseguridad<\/strong> . <\/p>\n<p data-start=\"210\" data-end=\"366\">Llega la <strong data-start=\"220\" data-end=\"248\">CYBERWEEK by Polit\u00e8cnics<\/strong>, una semana pensada para que el alumnado pueda acercarse a una realidad que ya forma parte de su futuro profesional.<\/p>\n<p data-start=\"368\" data-end=\"682\">Del <strong data-start=\"372\" data-end=\"392\">20 al 24 de abril<\/strong> , los ciclos formativos de la familia de <strong>Inform\u00e1tica y Comunicaciones<\/strong> vivir\u00e1n talleres y charlas de la mano de profesionales del <strong data-start=\"516\" data-end=\"564\">Instituto Nacional de Ciberseguridad (INCIBE)<\/strong> , compartiendo experiencias, casos reales y modos de trabajar que dif\u00edcilmente se pueden explicar s\u00f3lo desde el aula.<\/p>\n<\/div><\/div><\/div><div class=\"fusion-layout-column fusion_builder_column fusion-builder-column-1 fusion_builder_column_1_1 1_1 fusion-flex-column\" style=\"--awb-bg-size:cover;--awb-width-large:100%;--awb-margin-top-large:0px;--awb-spacing-right-large:1.92%;--awb-margin-bottom-large:20px;--awb-spacing-left-large:1.92%;--awb-width-medium:100%;--awb-order-medium:0;--awb-spacing-right-medium:1.92%;--awb-spacing-left-medium:1.92%;--awb-width-small:100%;--awb-order-small:0;--awb-spacing-right-small:1.92%;--awb-spacing-left-small:1.92%;\"><div class=\"fusion-column-wrapper fusion-column-has-shadow fusion-flex-justify-content-flex-start fusion-content-layout-column\"><div class=\"fusion-text fusion-text-2\"><h2 data-section-id=\"1deku8f\" data-start=\"818\" data-end=\"866\">Cuando lo que aprendes conecta con el mundo real<\/h2>\n<p data-start=\"868\" data-end=\"1033\">M\u00e1s all\u00e1 de los contenidos, lo que ocurrir\u00e1 durante esta semana ser\u00e1 algo a\u00fan m\u00e1s importante: <strong>el alumnado entender\u00e1 por qu\u00e9 sirve todo lo que est\u00e1 aprendiendo.<\/strong><\/p>\n<p data-start=\"1035\" data-end=\"1255\">Conceptos que en clase pueden parecer te\u00f3ricos van a tomar sentido cuando se pongan en contexto real. La <strong>ciberseguridad<\/strong> dejar\u00e1 de ser un concepto abstracto para convertirse en una necesidad presente en cualquier entorno digital. Y ser\u00e1 ah\u00ed donde todo empezar\u00e1 a encajar.  <\/p>\n<h2 data-section-id=\"175kvsp\" data-start=\"1306\" data-end=\"1341\">Aprender de qui\u00e9n ya trabaja<\/h2>\n<p data-start=\"1343\" data-end=\"1432\">Una de las claves de <strong>CYBERWEEK<\/strong> ser\u00e1 el contacto directo con profesionales del sector.<\/p>\n<p data-start=\"1434\" data-end=\"1690\">No se tratar\u00e1 s\u00f3lo de escuchar, sino de preguntar, entender, contrastar y ver c\u00f3mo se trabaja fuera de la escuela. Esta conexi\u00f3n con la realidad profesional ayudar\u00e1 al alumnado a situarse, a imaginarse en estos roles ya entender hacia d\u00f3nde pueden ir. <\/p>\n<h2 data-section-id=\"f02khx\" data-start=\"1697\" data-end=\"1747\">Una experiencia que ir\u00e1 m\u00e1s all\u00e1 del aula<\/h2>\n<p data-start=\"1749\" data-end=\"1815\">Este tipo de iniciativas har\u00e1n que la formaci\u00f3n vaya m\u00e1s all\u00e1. Porque no s\u00f3lo se trata de adquirir conocimientos, sino de vivirlos, conectarlos con el mundo y empezar a construir un criterio propio. <\/p>\n<blockquote>\n<p data-start=\"1961\" data-end=\"2032\">En Polit\u00e9cnicos lo tenemos claro: cuando el aprendizaje se vive, se queda.<\/p>\n<\/blockquote>\n<\/div><div class=\"fusion-image-element \" style=\"--awb-caption-title-font-family:var(--h2_typography-font-family);--awb-caption-title-font-weight:var(--h2_typography-font-weight);--awb-caption-title-font-style:var(--h2_typography-font-style);--awb-caption-title-size:var(--h2_typography-font-size);--awb-caption-title-transform:var(--h2_typography-text-transform);--awb-caption-title-line-height:var(--h2_typography-line-height);--awb-caption-title-letter-spacing:var(--h2_typography-letter-spacing);\"><span class=\" fusion-imageframe imageframe-none imageframe-1 hover-type-none\"><img decoding=\"async\" width=\"1139\" height=\"539\" title=\"Erasmus+ AMB TEXT-3\" src=\"https:\/\/politecnics.barcelona\/wp-content\/uploads\/Erasmus-AMB-TEXT-3.png\" alt class=\"img-responsive wp-image-13574\" srcset=\"https:\/\/politecnics.barcelona\/wp-content\/uploads\/Erasmus-AMB-TEXT-3-200x95.png 200w, https:\/\/politecnics.barcelona\/wp-content\/uploads\/Erasmus-AMB-TEXT-3-400x189.png 400w, https:\/\/politecnics.barcelona\/wp-content\/uploads\/Erasmus-AMB-TEXT-3-600x284.png 600w, https:\/\/politecnics.barcelona\/wp-content\/uploads\/Erasmus-AMB-TEXT-3-800x379.png 800w, https:\/\/politecnics.barcelona\/wp-content\/uploads\/Erasmus-AMB-TEXT-3.png 1139w\" sizes=\"(max-width: 800px) 100vw, 1139px\" \/><\/span><\/div><\/div><\/div><\/div><\/div><div class=\"fusion-fullwidth fullwidth-box fusion-builder-row-3 fusion-flex-container has-pattern-background has-mask-background nonhundred-percent-fullwidth non-hundred-percent-height-scrolling\" style=\"--awb-border-radius-top-left:0px;--awb-border-radius-top-right:0px;--awb-border-radius-bottom-right:0px;--awb-border-radius-bottom-left:0px;--awb-flex-wrap:wrap;\" ><div class=\"fusion-builder-row fusion-row fusion-flex-align-items-flex-start fusion-flex-content-wrap\" style=\"max-width:1248px;margin-left: calc(-4% \/ 2 );margin-right: calc(-4% \/ 2 );\"><\/div><\/div><div class=\"fusion-fullwidth fullwidth-box fusion-builder-row-4 fusion-flex-container has-pattern-background has-mask-background nonhundred-percent-fullwidth non-hundred-percent-height-scrolling\" style=\"--awb-border-radius-top-left:0px;--awb-border-radius-top-right:0px;--awb-border-radius-bottom-right:0px;--awb-border-radius-bottom-left:0px;--awb-flex-wrap:wrap;\" ><div class=\"fusion-builder-row fusion-row fusion-flex-align-items-flex-start fusion-flex-content-wrap\" style=\"max-width:1248px;margin-left: calc(-4% \/ 2 );margin-right: calc(-4% \/ 2 );\"><div class=\"fusion-layout-column fusion_builder_column fusion-builder-column-2 fusion_builder_column_1_1 1_1 fusion-flex-column\" style=\"--awb-bg-size:cover;--awb-width-large:100%;--awb-margin-top-large:0px;--awb-spacing-right-large:1.92%;--awb-margin-bottom-large:20px;--awb-spacing-left-large:1.92%;--awb-width-medium:100%;--awb-order-medium:0;--awb-spacing-right-medium:1.92%;--awb-spacing-left-medium:1.92%;--awb-width-small:100%;--awb-order-small:0;--awb-spacing-right-small:1.92%;--awb-spacing-left-small:1.92%;\"><div class=\"fusion-column-wrapper fusion-column-has-shadow fusion-flex-justify-content-flex-start fusion-content-layout-column\"><\/div><\/div><\/div><\/div><div class=\"fusion-fullwidth fullwidth-box fusion-builder-row-5 fusion-flex-container has-pattern-background has-mask-background nonhundred-percent-fullwidth non-hundred-percent-height-scrolling\" style=\"--awb-border-radius-top-left:0px;--awb-border-radius-top-right:0px;--awb-border-radius-bottom-right:0px;--awb-border-radius-bottom-left:0px;--awb-flex-wrap:wrap;\" ><div class=\"fusion-builder-row fusion-row fusion-flex-align-items-flex-start fusion-flex-content-wrap\" style=\"max-width:1248px;margin-left: calc(-4% \/ 2 );margin-right: calc(-4% \/ 2 );\"><\/div><\/div><\/p>\n","protected":false},"excerpt":{"rendered":"","protected":false},"author":2,"featured_media":13574,"comment_status":"closed","ping_status":"closed","sticky":false,"template":"","format":"standard","meta":{"_monsterinsights_skip_tracking":false,"_monsterinsights_sitenote_active":false,"_monsterinsights_sitenote_note":"","_monsterinsights_sitenote_category":0,"footnotes":""},"categories":[70,74,239,254,255,256,66],"tags":[1080,1082,927,928,311,112,542],"_links":{"self":[{"href":"https:\/\/politecnics.barcelona\/es\/wp-json\/wp\/v2\/posts\/13613"}],"collection":[{"href":"https:\/\/politecnics.barcelona\/es\/wp-json\/wp\/v2\/posts"}],"about":[{"href":"https:\/\/politecnics.barcelona\/es\/wp-json\/wp\/v2\/types\/post"}],"author":[{"embeddable":true,"href":"https:\/\/politecnics.barcelona\/es\/wp-json\/wp\/v2\/users\/2"}],"replies":[{"embeddable":true,"href":"https:\/\/politecnics.barcelona\/es\/wp-json\/wp\/v2\/comments?post=13613"}],"version-history":[{"count":2,"href":"https:\/\/politecnics.barcelona\/es\/wp-json\/wp\/v2\/posts\/13613\/revisions"}],"predecessor-version":[{"id":13615,"href":"https:\/\/politecnics.barcelona\/es\/wp-json\/wp\/v2\/posts\/13613\/revisions\/13615"}],"wp:featuredmedia":[{"embeddable":true,"href":"https:\/\/politecnics.barcelona\/es\/wp-json\/wp\/v2\/media\/13574"}],"wp:attachment":[{"href":"https:\/\/politecnics.barcelona\/es\/wp-json\/wp\/v2\/media?parent=13613"}],"wp:term":[{"taxonomy":"category","embeddable":true,"href":"https:\/\/politecnics.barcelona\/es\/wp-json\/wp\/v2\/categories?post=13613"},{"taxonomy":"post_tag","embeddable":true,"href":"https:\/\/politecnics.barcelona\/es\/wp-json\/wp\/v2\/tags?post=13613"}],"curies":[{"name":"wp","href":"https:\/\/api.w.org\/{rel}","templated":true}]}}