{"id":5387,"date":"2021-04-24T09:29:42","date_gmt":"2021-04-24T07:29:42","guid":{"rendered":"https:\/\/politecnics.barcelona\/its-my-turn-reinventado\/"},"modified":"2022-07-18T12:17:18","modified_gmt":"2022-07-18T10:17:18","slug":"its-my-turn-reinventado","status":"publish","type":"post","link":"https:\/\/politecnics.barcelona\/es\/its-my-turn-reinventado\/","title":{"rendered":"&#8216;It&#8217;s My Turn&#8217; reinventado"},"content":{"rendered":"<p><div class=\"fusion-fullwidth fullwidth-box fusion-builder-row-1 fusion-flex-container nonhundred-percent-fullwidth non-hundred-percent-height-scrolling\" style=\"--awb-border-radius-top-left:0px;--awb-border-radius-top-right:0px;--awb-border-radius-bottom-right:0px;--awb-border-radius-bottom-left:0px;--awb-flex-wrap:wrap;\" ><div class=\"fusion-builder-row fusion-row fusion-flex-align-items-flex-start fusion-flex-content-wrap\" style=\"max-width:1248px;margin-left: calc(-4% \/ 2 );margin-right: calc(-4% \/ 2 );\"><div class=\"fusion-layout-column fusion_builder_column fusion-builder-column-0 fusion_builder_column_1_1 1_1 fusion-flex-column\" style=\"--awb-bg-size:cover;--awb-width-large:100%;--awb-margin-top-large:0px;--awb-spacing-right-large:1.92%;--awb-margin-bottom-large:20px;--awb-spacing-left-large:1.92%;--awb-width-medium:100%;--awb-order-medium:0;--awb-spacing-right-medium:1.92%;--awb-spacing-left-medium:1.92%;--awb-width-small:100%;--awb-order-small:0;--awb-spacing-right-small:1.92%;--awb-spacing-left-small:1.92%;\"><div class=\"fusion-column-wrapper fusion-column-has-shadow fusion-flex-justify-content-flex-start fusion-content-layout-column\"><div class=\"fusion-text fusion-text-1\"><h3>La feria de talentos profesionales que organizamos en Polit\u00e8cnics pone en contacto al alumnado con empresas.<\/h3>\n<p>Cada a\u00f1o, cuando se acerca el final de curso, el <b>alumnado de Polit\u00e8cnics<\/b> se prepara para presentar sus proyectos elaborados durante el curso en una cita singular, la <b>feria It&#8217;s My Turn<\/b> .<\/p>\n<p>Este encuentro de talentos profesionales pone en contacto a <b>estudiantes de los diferentes ciclos de formaci\u00f3n profesional<\/b> con las <b>empresas del sector<\/b> . Los participantes tienen ocasi\u00f3n de dar a conocer sus proyectos y habilidades y las empresas pueden encontrar el talento que necesitan.<\/p>\n<p>Este a\u00f1o, el estado de alarma decretado para frenar la pandemia de <b>Covid-19<\/b> ha obligado a replantear las cosas.<\/p>\n<p>Pero en <b>Polit\u00e8cnics<\/b>, que r\u00e1pidamente hemos adaptado toda la formaci\u00f3n al formato <b><i>online<\/i><\/b>, tambi\u00e9n hemos reinventado el <a href=\"https:\/\/sites.google.com\/cepnet.net\/imt-politecnics\/\" target=\"_blank\" rel=\"noopener\"><b><i>It&#8217;s My Turn<\/i><\/b><\/a> para que pueda celebrarse de forma virtual.<\/p>\n<p>El lema de esta edici\u00f3n es <b>\u201cRes nos para\u201d<\/b> , con el que queremos expresar esta voluntad de <b>seguir adelante<\/b> con la formaci\u00f3n y los proyectos formativos.<\/p>\n<p>As\u00ed pues, este a\u00f1o el <b>It&#8217;s My Turn<\/b> se celebrar\u00e1 <b><i>online<\/i><\/b> a lo largo de dos jornadas, el <b>lunes 25 y el martes 26 de mayo<\/b> . Para ello, hemos habilitado la <a href=\"https:\/\/sites.google.com\/cepnet.net\/imt-politecnics\/\" target=\"_blank\" rel=\"noopener\">propia p\u00e1gina web<\/a> que ser\u00e1 accesible para todas las empresas y personas interesadas, y que estar\u00e1 disponible m\u00e1s all\u00e1 de estos dos d\u00edas.<\/p>\n<\/div><\/div><\/div><div class=\"fusion-layout-column fusion_builder_column fusion-builder-column-1 fusion_builder_column_1_2 1_2 fusion-flex-column\" style=\"--awb-bg-size:cover;--awb-width-large:50%;--awb-margin-top-large:0px;--awb-spacing-right-large:3.84%;--awb-margin-bottom-large:20px;--awb-spacing-left-large:3.84%;--awb-width-medium:50%;--awb-order-medium:0;--awb-spacing-right-medium:3.84%;--awb-spacing-left-medium:3.84%;--awb-width-small:100%;--awb-order-small:0;--awb-spacing-right-small:1.92%;--awb-spacing-left-small:1.92%;\"><div class=\"fusion-column-wrapper fusion-column-has-shadow fusion-flex-justify-content-flex-start fusion-content-layout-column\"><div class=\"fusion-title title fusion-title-1 fusion-sep-none fusion-title-text fusion-title-size-four\"><h4 class=\"fusion-title-heading title-heading-left fusion-responsive-typography-calculated\" style=\"margin:0;--fontSize:25;--minFontSize:25;line-height:1.2;\"><strong>Portafolios virtual del alumnado<\/strong><\/h4><\/div><div class=\"fusion-separator\" style=\"align-self: flex-start;margin-right:auto;margin-bottom:10px;width:100%;max-width:24px;\"><div class=\"fusion-separator-border sep-single sep-solid\" style=\"--awb-height:20px;--awb-amount:20px;border-color:#0089ff;border-top-width:1px;\"><\/div><\/div>\n<div class=\"fusion-text fusion-text-2\"><p>En esta web, el alumnado presentar\u00e1 su propio <a href=\"https:\/\/sites.google.com\/cepnet.net\/imt-politecnics\/professionals-del-politecnics\" target=\"_blank\" rel=\"noopener\"><b>portafolio<\/b> <b><i>online<\/i><\/b><\/a> . Con el que tendr\u00e1 la oportunidad de mostrar las competencias profesionales y conocimientos adquiridos durante su estancia en Polit\u00e8cnics.<\/p>\n<p>Estos portafolios <i>online<\/i> sustituyen a lo que habitualmente son los stands de la feria It&#8217;s My Turn.<\/p>\n<p>Pero su finalidad es la misma: <b>ponerlos en contacto con empresas y profesionales interesados en sus proyectos y habilidades<\/b> . Adem\u00e1s darles una oportunidad de encontrar su <b>futuro laboral<\/b> .<\/p>\n<p>A su vez, estas empresas y entidades podr\u00e1n descubrir a profesionales cualificados para sus proyectos.<\/p>\n<p>Tal y como explica <b>Ainhoa \u200b\u200bFranco<\/b> , exalumna del centro, gracias a la feria It&#8217;s My Turn logr\u00f3 su <b>primera oferta laboral<\/b> .<\/p>\n<p>\u00abUn d\u00eda recib\u00ed una llamada de una empresa que me hab\u00eda conocido en la feria, me ofrecieron un trabajo de <b>asistenta de direcci\u00f3n y auxiliar contable<\/b> . Nunca sabes de d\u00f3nde saldr\u00e1 una oportunidad\u00bb, explica.<\/p>\n<p>Otra exalumna del centro, <b>Rosi Libonatti<\/b> , recuerda su participaci\u00f3n en la feria como \u00abun d\u00eda super especial para el que trabajamos muy duro, pero con mucha ilusi\u00f3n, para que todo saliera bien\u00bb.<\/p>\n<p>Seg\u00fan Rosi, en It&#8217;s My Turn entras en contacto con \u00ab <b>gente dispuesta a conocer tu trabajo<\/b> , que has estado preparando con toda la ilusi\u00f3n\u00bb.<\/p>\n<p>Por su parte, Esther Galdeano, otra alumna que guarda grandes recuerdos de su paso por Polit\u00e8cnics. Le ve el lado positivo a que la feria se celebre <i>online<\/i> \u201cporque <b>te ahorras todo el trabajo de tener que montar el stand<\/b> \u201d.<\/p>\n<p>Aunque recomienda a los alumnos que participen este a\u00f1o \u201cque se concurren mucho sus <b>webs e imagen de marca<\/b> \u201d. Tambi\u00e9n recuerden que, al estar en una plataforma <i>online<\/i> durante m\u00e1s tiempo, <b>tienen m\u00e1s oportunidades<\/b> que las empresas los encuentren.<\/p>\n<\/div><\/div><\/div><div class=\"fusion-layout-column fusion_builder_column fusion-builder-column-2 fusion_builder_column_1_2 1_2 fusion-flex-column\" style=\"--awb-bg-size:cover;--awb-width-large:50%;--awb-margin-top-large:0px;--awb-spacing-right-large:3.84%;--awb-margin-bottom-large:20px;--awb-spacing-left-large:3.84%;--awb-width-medium:50%;--awb-order-medium:0;--awb-spacing-right-medium:3.84%;--awb-spacing-left-medium:3.84%;--awb-width-small:100%;--awb-order-small:0;--awb-spacing-right-small:1.92%;--awb-spacing-left-small:1.92%;\"><div class=\"fusion-column-wrapper fusion-column-has-shadow fusion-flex-justify-content-flex-start fusion-content-layout-column\"><div class=\"fusion-image-element \" style=\"--awb-bottom-shadow-color:rgba(0,0,0,0.4);--awb-margin-bottom:20px;--awb-caption-title-font-family:var(--h2_typography-font-family);--awb-caption-title-font-weight:var(--h2_typography-font-weight);--awb-caption-title-font-style:var(--h2_typography-font-style);--awb-caption-title-size:var(--h2_typography-font-size);--awb-caption-title-transform:var(--h2_typography-text-transform);--awb-caption-title-line-height:var(--h2_typography-line-height);--awb-caption-title-letter-spacing:var(--h2_typography-letter-spacing);\"><div class=\"awb-image-frame awb-image-frame-1 fusion-image-frame-bottomshadow image-frame-shadow-1\"><span class=\" fusion-imageframe imageframe-bottomshadow imageframe-1 element-bottomshadow hover-type-none\"><img decoding=\"async\" width=\"600\" height=\"322\" title=\"blog-its-my-turn-portafoli\" src=\"https:\/\/politecnics.barcelona\/wp-content\/uploads\/blog-its-my-turn-portafoli.jpg\" alt class=\"img-responsive wp-image-5270\" srcset=\"https:\/\/politecnics.barcelona\/wp-content\/uploads\/blog-its-my-turn-portafoli-200x107.jpg 200w, https:\/\/politecnics.barcelona\/wp-content\/uploads\/blog-its-my-turn-portafoli-400x215.jpg 400w, https:\/\/politecnics.barcelona\/wp-content\/uploads\/blog-its-my-turn-portafoli.jpg 600w\" sizes=\"(max-width: 800px) 100vw, 600px\" \/><\/span><\/div><\/div><div class=\"fusion-title title fusion-title-2 fusion-sep-none fusion-title-text fusion-title-size-four\"><h4 class=\"fusion-title-heading title-heading-left fusion-responsive-typography-calculated\" style=\"margin:0;--fontSize:25;--minFontSize:25;line-height:1.2;\"><strong>Conferencias y ponencias de expertos<\/strong><\/h4><\/div><div class=\"fusion-separator\" style=\"align-self: flex-start;margin-right:auto;margin-bottom:10px;width:100%;max-width:24px;\"><div class=\"fusion-separator-border sep-single sep-solid\" style=\"--awb-height:20px;--awb-amount:20px;border-color:#0089ff;border-top-width:1px;\"><\/div><\/div>\n<div class=\"fusion-text fusion-text-3\"><p>La versi\u00f3n online de la feria It&#8217;s My Turn incluir\u00e1 tambi\u00e9n un <b>programa de conferencias, entrevistas y ponencias<\/b> con cargo a expertos de diversos sectores empresariales, que servir\u00e1n como complemento perfecto para esta jornada de orientaci\u00f3n profesional.<\/p>\n<p>En esta ocasi\u00f3n, las ponencias podr\u00e1n seguir durante toda la jornada a trav\u00e9s del <b>canal de YouTube<\/b> de Polit\u00e8cnics. Empezar\u00e1n a las 10 de la ma\u00f1ana con la bienvenida a cargo del <b>director del centro<\/b> , <b>Xavier Valera<\/b> . El <b>periodista de RAC1, Joan Maria Pou<\/b>, ser\u00e1 el encargado de la charla de clausura, que tendr\u00e1 lugar a las 17h. En ese momento se emitir\u00e1n tambi\u00e9n los perfiles profesionales destacados del alumnado.<\/p>\n<p>Durante el resto de la jornada, podr\u00e1n seguir conferencias sobre temas tan diversos como el futuro del comercio despu\u00e9s de la Covid-19, a cargo de <b>Muntsa Vilalta Cambra<\/b> , directora general Comercio de la Generalitat de Catalunya.<\/p>\n<p>Sobre autoconocimiento profesional, a cargo de <b>Irene Morales<\/b> , psic\u00f3loga cl\u00ednica y de salud.<\/p>\n<p>Tambi\u00e9n la visi\u00f3n de los mercados financieros, a cargo de <b>Guillem Font<\/b> , analista del servicio de estudios de la Bolsa de Barcelona. Aparte, el share y las audiencias de TV, a cargo de <b>M\u00aa Jos\u00e9 Fidalgo<\/b> , Account Executive \u2013 Media Division de Kantar.<\/p>\n<\/div><\/div><\/div><\/div><\/div><div class=\"fusion-fullwidth fullwidth-box fusion-builder-row-2 fusion-flex-container nonhundred-percent-fullwidth non-hundred-percent-height-scrolling\" style=\"--awb-border-radius-top-left:0px;--awb-border-radius-top-right:0px;--awb-border-radius-bottom-right:0px;--awb-border-radius-bottom-left:0px;--awb-flex-wrap:wrap;\" ><div class=\"fusion-builder-row fusion-row fusion-flex-align-items-flex-start fusion-flex-content-wrap\" style=\"max-width:1248px;margin-left: calc(-4% \/ 2 );margin-right: calc(-4% \/ 2 );\"><div class=\"fusion-layout-column fusion_builder_column fusion-builder-column-3 fusion_builder_column_1_1 1_1 fusion-flex-column\" style=\"--awb-bg-size:cover;--awb-width-large:100%;--awb-margin-top-large:0px;--awb-spacing-right-large:1.92%;--awb-margin-bottom-large:20px;--awb-spacing-left-large:1.92%;--awb-width-medium:100%;--awb-order-medium:0;--awb-spacing-right-medium:1.92%;--awb-spacing-left-medium:1.92%;--awb-width-small:100%;--awb-order-small:0;--awb-spacing-right-small:1.92%;--awb-spacing-left-small:1.92%;\"><div class=\"fusion-column-wrapper fusion-column-has-shadow fusion-flex-justify-content-flex-start fusion-content-layout-column\"><div class=\"fusion-text fusion-text-4\"><p>El programa completo de conferencias se puede consultar en la <a href=\"https:\/\/sites.google.com\/cepnet.net\/imt-politecnics\/its-my-turn-plantilla-i-p%C3%A0gines-comunes\/politalknics?authuser=0\" target=\"_blank\" rel=\"noopener\">web de It&#8217;s My Turn<\/a> .<\/p>\n<\/div><\/div><\/div><\/div><\/div><\/p>\n","protected":false},"excerpt":{"rendered":"","protected":false},"author":1,"featured_media":5269,"comment_status":"closed","ping_status":"closed","sticky":false,"template":"","format":"standard","meta":{"_monsterinsights_skip_tracking":false,"_monsterinsights_sitenote_active":false,"_monsterinsights_sitenote_note":"","_monsterinsights_sitenote_category":0,"footnotes":""},"categories":[62],"tags":[106],"_links":{"self":[{"href":"https:\/\/politecnics.barcelona\/es\/wp-json\/wp\/v2\/posts\/5387"}],"collection":[{"href":"https:\/\/politecnics.barcelona\/es\/wp-json\/wp\/v2\/posts"}],"about":[{"href":"https:\/\/politecnics.barcelona\/es\/wp-json\/wp\/v2\/types\/post"}],"author":[{"embeddable":true,"href":"https:\/\/politecnics.barcelona\/es\/wp-json\/wp\/v2\/users\/1"}],"replies":[{"embeddable":true,"href":"https:\/\/politecnics.barcelona\/es\/wp-json\/wp\/v2\/comments?post=5387"}],"version-history":[{"count":15,"href":"https:\/\/politecnics.barcelona\/es\/wp-json\/wp\/v2\/posts\/5387\/revisions"}],"predecessor-version":[{"id":6492,"href":"https:\/\/politecnics.barcelona\/es\/wp-json\/wp\/v2\/posts\/5387\/revisions\/6492"}],"wp:featuredmedia":[{"embeddable":true,"href":"https:\/\/politecnics.barcelona\/es\/wp-json\/wp\/v2\/media\/5269"}],"wp:attachment":[{"href":"https:\/\/politecnics.barcelona\/es\/wp-json\/wp\/v2\/media?parent=5387"}],"wp:term":[{"taxonomy":"category","embeddable":true,"href":"https:\/\/politecnics.barcelona\/es\/wp-json\/wp\/v2\/categories?post=5387"},{"taxonomy":"post_tag","embeddable":true,"href":"https:\/\/politecnics.barcelona\/es\/wp-json\/wp\/v2\/tags?post=5387"}],"curies":[{"name":"wp","href":"https:\/\/api.w.org\/{rel}","templated":true}]}}