{"id":5550,"date":"2022-05-17T15:54:51","date_gmt":"2022-05-17T13:54:51","guid":{"rendered":"https:\/\/politecnics.barcelona\/its-my-turn-el-salto-al-mundo-laboral\/"},"modified":"2022-07-13T14:32:05","modified_gmt":"2022-07-13T12:32:05","slug":"its-my-turn-el-salto-al-mundo-laboral","status":"publish","type":"post","link":"https:\/\/politecnics.barcelona\/es\/its-my-turn-el-salto-al-mundo-laboral\/","title":{"rendered":"It&#8217;s My Turn, el salto al mundo laboral"},"content":{"rendered":"<p><div class=\"fusion-fullwidth fullwidth-box fusion-builder-row-1 fusion-flex-container nonhundred-percent-fullwidth non-hundred-percent-height-scrolling\" style=\"--awb-border-radius-top-left:0px;--awb-border-radius-top-right:0px;--awb-border-radius-bottom-right:0px;--awb-border-radius-bottom-left:0px;--awb-flex-wrap:wrap;\" ><div class=\"fusion-builder-row fusion-row fusion-flex-align-items-flex-start fusion-flex-content-wrap\" style=\"max-width:1248px;margin-left: calc(-4% \/ 2 );margin-right: calc(-4% \/ 2 );\"><div class=\"fusion-layout-column fusion_builder_column fusion-builder-column-0 fusion_builder_column_1_1 1_1 fusion-flex-column\" style=\"--awb-bg-size:cover;--awb-width-large:100%;--awb-margin-top-large:0px;--awb-spacing-right-large:1.92%;--awb-margin-bottom-large:20px;--awb-spacing-left-large:1.92%;--awb-width-medium:100%;--awb-order-medium:0;--awb-spacing-right-medium:1.92%;--awb-spacing-left-medium:1.92%;--awb-width-small:100%;--awb-order-small:0;--awb-spacing-right-small:1.92%;--awb-spacing-left-small:1.92%;\"><div class=\"fusion-column-wrapper fusion-column-has-shadow fusion-flex-justify-content-flex-start fusion-content-layout-column\"><div class=\"fusion-text fusion-text-1\" style=\"--awb-text-transform:none;\"><h2>La feria h\u00edbrida tendr\u00e1 lugar en tres jornadas comprendidas entre el 25 y el 27 de mayo en el Centro de Estudios Polit\u00e9cnicos<\/h2>\n<\/div><div class=\"fusion-separator fusion-full-width-sep\" style=\"align-self: center;margin-left: auto;margin-right: auto;margin-top:20px;margin-bottom:20px;width:100%;\"><\/div><div class=\"fusion-text fusion-text-2\" style=\"--awb-text-transform:none;\"><p><span style=\"font-weight: 400;\">La feria<\/span> <a href=\"https:\/\/bit.ly\/imt22\" target=\"_blank\" rel=\"noopener\"><b>It&#8217;s My Turn<\/b><\/a> <span style=\"font-weight: 400;\">by Polit\u00e9cnicos (#IMT22), es un punto de encuentro entre el nuevo <a href=\"https:\/\/politecnics.barcelona\/es\/?page_id=5829\">alumnado t\u00e9cnico en formaci\u00f3n profesional<\/a> de<\/span> <b>inform\u00e1tica<\/b> <span style=\"font-weight: 400;\">, de<\/span> <b>turismo,<\/b> <span style=\"font-weight: 400;\">de<\/span> <b>comercio y marketing<\/b> <span style=\"font-weight: 400;\">y de<\/span> <b>administraci\u00f3n y gesti\u00f3n<\/b> <span style=\"font-weight: 400;\">con las empresas que necesiten o quieran incorporar nuevo talento en sus equipos.<\/span><\/p>\n<p><span style=\"font-weight: 400;\">La feria h\u00edbrida tendr\u00e1 lugar en tres jornadas comprendidas entre<\/span> <b>el 25 y el 27 de mayo en el Centro de Estudios Polit\u00e9cnicos<\/b><span style=\"font-weight: 400;\">. Los y las visitantes que quieran conocer el futuro talento profesional de forma presencial podr\u00e1n hacerlo de 11 de la ma\u00f1ana a 6 de la tarde en el edificio situado en la pl. de Urquinaona, 10, as\u00ed como visitar los portafolios en el <a href=\"https:\/\/bit.ly\/imt22\" target=\"_blank\" rel=\"noopener\">espacio virtual<\/a> .<\/span><\/p>\n<p><span style=\"font-weight: 400;\">El #IMT22 contar\u00e1 con decenas de actividades como talleres, charlas, entrevistas laborales o la presentaci\u00f3n de los<\/span> <b>portafolios de cada una de las personas graduadas en formaci\u00f3n profesional mostrando su marca personal<\/b><span style=\"font-weight: 400;\">. Descubre todo <a href=\"https:\/\/bit.ly\/imt22_programa\" target=\"_blank\" rel=\"noopener\">el programa del #IMT22<\/a> .<\/span><\/p>\n<p><span style=\"font-weight: 400;\">El objetivo principal de la feria es<\/span> <b>facilitar la incorporaci\u00f3n de nuestros j\u00f3venes cualificados\/as<\/b> <span style=\"font-weight: 400;\">que buscan experiencia profesional para mejorar sus habilidades<\/span> <b>en el mundo laboral<\/b><span style=\"font-weight: 400;\">. A su vez, estas empresas y entidades podr\u00e1n <\/span><b>descubrir profesionales cualificados\/as<\/b> <span style=\"font-weight: 400;\">para sus proyectos.<\/span><\/p>\n<\/div><\/div><\/div><\/div><\/div><div class=\"fusion-fullwidth fullwidth-box fusion-builder-row-2 fusion-flex-container nonhundred-percent-fullwidth non-hundred-percent-height-scrolling\" style=\"--awb-border-radius-top-left:0px;--awb-border-radius-top-right:0px;--awb-border-radius-bottom-right:0px;--awb-border-radius-bottom-left:0px;--awb-flex-wrap:wrap;\" ><div class=\"fusion-builder-row fusion-row fusion-flex-align-items-flex-start fusion-flex-content-wrap\" style=\"max-width:1248px;margin-left: calc(-4% \/ 2 );margin-right: calc(-4% \/ 2 );\"><div class=\"fusion-layout-column fusion_builder_column fusion-builder-column-1 fusion_builder_column_2_3 2_3 fusion-flex-column\" style=\"--awb-bg-size:cover;--awb-width-large:66.666666666667%;--awb-margin-top-large:0px;--awb-spacing-right-large:2.88%;--awb-margin-bottom-large:20px;--awb-spacing-left-large:2.88%;--awb-width-medium:66.666666666667%;--awb-order-medium:0;--awb-spacing-right-medium:2.88%;--awb-spacing-left-medium:2.88%;--awb-width-small:100%;--awb-order-small:0;--awb-spacing-right-small:1.92%;--awb-spacing-left-small:1.92%;\"><div class=\"fusion-column-wrapper fusion-column-has-shadow fusion-flex-justify-content-flex-start fusion-content-layout-column\"><div class=\"fusion-text fusion-text-3\" style=\"--awb-text-transform:none;\"><h2><b>El antiparo juvenil<\/b><\/h2>\n<\/div><div class=\"fusion-separator fusion-full-width-sep\" style=\"align-self: center;margin-left: auto;margin-right: auto;margin-top:20px;margin-bottom:20px;width:100%;\"><\/div><div class=\"fusion-text fusion-text-4\" style=\"--awb-text-transform:none;\"><p><span style=\"font-weight: 400;\">El paro juvenil, que considera a los y las menores de 25 a\u00f1os, ha sido uno de los m\u00e1s afectados por la pandemia de la Covid hasta situarse en el 33,97% durante 2020, seg\u00fan los datos publicados por el Instituto Nacional de Estad\u00edstica (INE). Este dato representa un incremento de siete puntos en comparaci\u00f3n con el 26,16% de finales de 2019. <\/span><b>El segmento de j\u00f3venes entre 25 y 34 a\u00f1os ha sido el que ha sufrido una mayor destrucci\u00f3n de puestos de trabajo, concretamente con una p\u00e9rdida de 35.300 durante el 2020.<\/b><\/p>\n<p><span style=\"font-weight: 400;\">Durante el a\u00f1o marcado por la pandemia, Catalu\u00f1a registr\u00f3 otros 132.100 parados en total. Del conjunto de personas desempleadas el pasado a\u00f1o, 113.800 ten\u00edan entre 25 y 34 a\u00f1os, mientras que 75.400 eran j\u00f3venes de entre 20 a 24 a\u00f1os, y 25.000 ten\u00edan entre 16 y 19 a\u00f1os.<\/span><\/p>\n<p><span style=\"font-weight: 400;\">El<\/span> <b>&#8216;It&#8217;s My Turn&#8217; quiere luchar contra estas cifras<\/b> <span style=\"font-weight: 400;\">y aprovechar esta reanudaci\u00f3n para ayudar a construir un nuevo modelo basado en el potencial y el empuje de los y las j\u00f3venes profesionales que el claustro de profesorado detecta d\u00eda a d\u00eda en las aulas.<\/span><\/p>\n<p><span style=\"font-weight: 400;\">Las metodolog\u00edas de aprendizaje activo dentro de un contexto acad\u00e9mico-laboral en el que se basa el modelo educativo del Polit\u00e9cnicos dejan florecer todo el empuje, la creatividad y la diligencia que el alumnado tiene a la hora de <\/span><b>resolver retos basados en la realidad laboral desde un prisma m\u00e1s actual<\/b><span style=\"font-weight: 400;\">, basado en la sostenibilidad, la igualdad de g\u00e9nero y la cooperaci\u00f3n en lugar de la competici\u00f3n. <\/span><\/p>\n<p><span style=\"font-weight: 400;\">En el &#8216;It&#8217;s My Turn&#8217;<\/span> <b>asistir\u00e1n m\u00e1s de 150 t\u00e9cnicos\/as graduados\/as en formaci\u00f3n profesional.<\/b> <span style=\"font-weight: 400;\">All\u00ed, el alumnado podr\u00e1 mostrar todos los proyectos acad\u00e9micos y profesionales que ha llevado a cabo a lo largo de los \u00faltimos dos cursos, ya sea en los Polit\u00e9nicos o durante la <a href=\"https:\/\/politecnics.barcelona\/es\/?page_id=5744\">Formaci\u00f3n en Centros de Trabajo<\/a> (pr\u00e1cticas en la empresa).<\/span><\/p>\n<\/div><\/div><\/div><div class=\"fusion-layout-column fusion_builder_column fusion-builder-column-2 fusion_builder_column_1_3 1_3 fusion-flex-column\" style=\"--awb-bg-size:cover;--awb-width-large:33.333333333333%;--awb-margin-top-large:0px;--awb-spacing-right-large:5.76%;--awb-margin-bottom-large:20px;--awb-spacing-left-large:5.76%;--awb-width-medium:33.333333333333%;--awb-order-medium:0;--awb-spacing-right-medium:5.76%;--awb-spacing-left-medium:5.76%;--awb-width-small:100%;--awb-order-small:0;--awb-spacing-right-small:1.92%;--awb-spacing-left-small:1.92%;\"><div class=\"fusion-column-wrapper fusion-column-has-shadow fusion-flex-justify-content-flex-start fusion-content-layout-column\"><div class=\"fusion-image-element \" style=\"--awb-caption-title-font-family:var(--h2_typography-font-family);--awb-caption-title-font-weight:var(--h2_typography-font-weight);--awb-caption-title-font-style:var(--h2_typography-font-style);--awb-caption-title-size:var(--h2_typography-font-size);--awb-caption-title-transform:var(--h2_typography-text-transform);--awb-caption-title-line-height:var(--h2_typography-line-height);--awb-caption-title-letter-spacing:var(--h2_typography-letter-spacing);\"><span class=\" fusion-imageframe imageframe-none imageframe-1 hover-type-none\"><img decoding=\"async\" width=\"1748\" height=\"2480\" title=\"Cartell IMT22\" src=\"https:\/\/politecnics.barcelona\/wp-content\/uploads\/IMT_22.jpg\" alt class=\"img-responsive wp-image-5367\" srcset=\"https:\/\/politecnics.barcelona\/wp-content\/uploads\/IMT_22-200x284.jpg 200w, https:\/\/politecnics.barcelona\/wp-content\/uploads\/IMT_22-400x568.jpg 400w, https:\/\/politecnics.barcelona\/wp-content\/uploads\/IMT_22-600x851.jpg 600w, https:\/\/politecnics.barcelona\/wp-content\/uploads\/IMT_22-800x1135.jpg 800w, https:\/\/politecnics.barcelona\/wp-content\/uploads\/IMT_22-1200x1703.jpg 1200w, https:\/\/politecnics.barcelona\/wp-content\/uploads\/IMT_22.jpg 1748w\" sizes=\"(max-width: 800px) 100vw, 400px\" \/><\/span><\/div><\/div><\/div><\/div><\/div><\/p>\n","protected":false},"excerpt":{"rendered":"","protected":false},"author":2,"featured_media":5250,"comment_status":"closed","ping_status":"closed","sticky":false,"template":"","format":"standard","meta":{"_monsterinsights_skip_tracking":false,"_monsterinsights_sitenote_active":false,"_monsterinsights_sitenote_note":"","_monsterinsights_sitenote_category":0,"footnotes":""},"categories":[74,62],"tags":[],"_links":{"self":[{"href":"https:\/\/politecnics.barcelona\/es\/wp-json\/wp\/v2\/posts\/5550"}],"collection":[{"href":"https:\/\/politecnics.barcelona\/es\/wp-json\/wp\/v2\/posts"}],"about":[{"href":"https:\/\/politecnics.barcelona\/es\/wp-json\/wp\/v2\/types\/post"}],"author":[{"embeddable":true,"href":"https:\/\/politecnics.barcelona\/es\/wp-json\/wp\/v2\/users\/2"}],"replies":[{"embeddable":true,"href":"https:\/\/politecnics.barcelona\/es\/wp-json\/wp\/v2\/comments?post=5550"}],"version-history":[{"count":4,"href":"https:\/\/politecnics.barcelona\/es\/wp-json\/wp\/v2\/posts\/5550\/revisions"}],"predecessor-version":[{"id":6261,"href":"https:\/\/politecnics.barcelona\/es\/wp-json\/wp\/v2\/posts\/5550\/revisions\/6261"}],"wp:featuredmedia":[{"embeddable":true,"href":"https:\/\/politecnics.barcelona\/es\/wp-json\/wp\/v2\/media\/5250"}],"wp:attachment":[{"href":"https:\/\/politecnics.barcelona\/es\/wp-json\/wp\/v2\/media?parent=5550"}],"wp:term":[{"taxonomy":"category","embeddable":true,"href":"https:\/\/politecnics.barcelona\/es\/wp-json\/wp\/v2\/categories?post=5550"},{"taxonomy":"post_tag","embeddable":true,"href":"https:\/\/politecnics.barcelona\/es\/wp-json\/wp\/v2\/tags?post=5550"}],"curies":[{"name":"wp","href":"https:\/\/api.w.org\/{rel}","templated":true}]}}