{"id":6014,"date":"2021-05-10T10:53:00","date_gmt":"2021-05-10T08:53:00","guid":{"rendered":"https:\/\/politecnics.barcelona\/espiritu-emprendedor\/"},"modified":"2022-07-18T10:56:17","modified_gmt":"2022-07-18T08:56:17","slug":"espiritu-emprendedor","status":"publish","type":"post","link":"https:\/\/politecnics.barcelona\/es\/espiritu-emprendedor\/","title":{"rendered":"Esp\u00edritu emprendedor"},"content":{"rendered":"<p><div class=\"fusion-fullwidth fullwidth-box fusion-builder-row-1 fusion-flex-container nonhundred-percent-fullwidth non-hundred-percent-height-scrolling\" style=\"--awb-border-radius-top-left:0px;--awb-border-radius-top-right:0px;--awb-border-radius-bottom-right:0px;--awb-border-radius-bottom-left:0px;--awb-flex-wrap:wrap;\" ><div class=\"fusion-builder-row fusion-row fusion-flex-align-items-flex-start fusion-flex-content-wrap\" style=\"max-width:1248px;margin-left: calc(-4% \/ 2 );margin-right: calc(-4% \/ 2 );\"><div class=\"fusion-layout-column fusion_builder_column fusion-builder-column-0 fusion_builder_column_1_1 1_1 fusion-flex-column\" style=\"--awb-bg-size:cover;--awb-width-large:100%;--awb-margin-top-large:0px;--awb-spacing-right-large:1.92%;--awb-margin-bottom-large:20px;--awb-spacing-left-large:1.92%;--awb-width-medium:100%;--awb-order-medium:0;--awb-spacing-right-medium:1.92%;--awb-spacing-left-medium:1.92%;--awb-width-small:100%;--awb-order-small:0;--awb-spacing-right-small:1.92%;--awb-spacing-left-small:1.92%;\"><div class=\"fusion-column-wrapper fusion-column-has-shadow fusion-flex-justify-content-flex-start fusion-content-layout-column\"><div class=\"fusion-text fusion-text-1\"><h3>El programa Emprende FP ofrece apoyo a los centros para que desarrollen acciones para animar al alumnado a emprender.<\/h3>\n<p>Promover el <b>esp\u00edritu emprendedor<\/b> entre los <b>estudiantes de FP<\/b> . \u00c9ste es el objetivo del programa Emprende FP de la Generalidad de Catalu\u00f1a que en <b>Polit\u00e8cnics<\/b> estamos aplicando desde hace 3 a\u00f1os.<\/p>\n<p>Impulsado por la <b>Direcci\u00f3n General de Formaci\u00f3n Profesional y Educaci\u00f3n de R\u00e9gimen Especial<\/b> . Este programa ofrece soporte e impulsa la <b>emprendedur\u00eda<\/b> y sus valores en los <b>centros educativos de FP<\/b> en Catalu\u00f1a para la creaci\u00f3n de proyectos emprendedores.<\/p>\n<p>Forma parte del <b>Impulso FP<\/b> , una iniciativa que quiere dar un impulso global a esta formaci\u00f3n desde diferentes enfoques. Desde Polit\u00e8cnics llevamos a cabo varios de estos proyectos, como el de <b>Orienta FP<\/b> , que tiene como objetivo orientar laboralmente a los estudiantes dentro de un ciclo determinado.<\/p>\n<p>En este centro, utilizamos innovadoras metodolog\u00edas pedag\u00f3gicas. Tambi\u00e9n estamos aplicando el programa Emprende para fomentar el esp\u00edritu emprendedor entre el alumnado.<\/p>\n<p>Asimismo, para llegar a convertirnos en un centro de asesoramiento emprendedor.<\/p>\n<p>En Polit\u00e8cnics, el proyecto Emprende FP se desarrolla actualmente en <b>tres niveles<\/b>: el de la <b>formaci\u00f3n<\/b>, el de la <b>estructura<\/b> y el de la <b>participaci\u00f3n<\/b> en eventos.<\/p>\n<p>En una <b>segunda fase<\/b> el objetivo ser\u00e1 la <b>detecci\u00f3n del talento emprendedor<\/b> , la <b>preincubaci\u00f3n<\/b> y finalmente la <b>incubaci\u00f3n de proyectos emprendedores.<\/b><\/p>\n<\/div><\/div><\/div><\/div><\/div><div class=\"fusion-fullwidth fullwidth-box fusion-builder-row-2 fusion-flex-container nonhundred-percent-fullwidth non-hundred-percent-height-scrolling\" style=\"--awb-border-color:#0089ff;--awb-border-radius-top-left:0px;--awb-border-radius-top-right:0px;--awb-border-radius-bottom-right:0px;--awb-border-radius-bottom-left:0px;--awb-flex-wrap:wrap;\" ><div class=\"fusion-builder-row fusion-row fusion-flex-align-items-flex-end fusion-flex-content-wrap\" style=\"max-width:1248px;margin-left: calc(-4% \/ 2 );margin-right: calc(-4% \/ 2 );\"><div class=\"fusion-layout-column fusion_builder_column fusion-builder-column-1 fusion_builder_column_1_2 1_2 fusion-flex-column\" style=\"--awb-bg-size:cover;--awb-width-large:50%;--awb-margin-top-large:0px;--awb-spacing-right-large:3.84%;--awb-margin-bottom-large:0px;--awb-spacing-left-large:3.84%;--awb-width-medium:50%;--awb-spacing-right-medium:3.84%;--awb-spacing-left-medium:3.84%;--awb-width-small:100%;--awb-spacing-right-small:1.92%;--awb-spacing-left-small:1.92%;\"><div class=\"fusion-column-wrapper fusion-flex-justify-content-flex-start fusion-content-layout-column\"><div class=\"fusion-title title fusion-title-1 fusion-sep-none fusion-title-text fusion-title-size-four\"><h4 class=\"fusion-title-heading title-heading-left fusion-responsive-typography-calculated\" style=\"margin:0;--fontSize:25;--minFontSize:25;line-height:1.2;\"><strong>Formaci\u00f3n en habilidades emprendedoras<\/strong><\/h4><\/div><div class=\"fusion-separator\" style=\"align-self: flex-start;margin-right:auto;margin-bottom:10px;width:100%;max-width:24px;\"><div class=\"fusion-separator-border sep-single sep-solid\" style=\"--awb-height:20px;--awb-amount:20px;border-color:#0089ff;border-top-width:1px;\"><\/div><\/div>\n<div class=\"fusion-text fusion-text-2\"><p>En el \u00e1mbito de la <b>formaci\u00f3n<\/b> , el programa prev\u00e9 que los estudiantes de todos los ciclos pasen por <b>12 formaciones espec\u00edficas<\/b> que hacen referencia a diferentes <b>habilidades transversales<\/b> .<\/p>\n<p>Se trata de 12 actividades que sirven para trabajar aspectos como el autoconocimiento, la creatividad, la comunicaci\u00f3n, el liderazgo y el trabajo en equipo. Tambi\u00e9n la imagen personal y de negocio, el trabajo colaborativo o el emprendimiento social y sostenible, entre otros.<\/p>\n<p>Actualmente, estamos desarrollando nuevas actividades de formaci\u00f3n enfocadas a potenciar las habilidades que favorezcan el esp\u00edritu emprendedor de los estudiantes. \u00abNuestro objetivo es que todo el alumnado pase por las 12 formaciones\u00bb, explica <b>Eduard Adsuar<\/b> , coordinador del programa.<\/p>\n<p>Por otra parte, tambi\u00e9n estamos en pleno proceso de <b>creaci\u00f3n de la comisi\u00f3n emprendedora<\/b> . Una de las acciones que se realizan en relaci\u00f3n con la <b>estructura organizativa<\/b> del centro.<\/p>\n<p>El objetivo es crear diferentes \u00abanclajes\u00bb, como esta comisi\u00f3n o la presencia de profesores que act\u00faen como referentes y coordinadores de los proyectos.<\/p>\n<p>Adem\u00e1s, se est\u00e1 desarrollando un <b>sistema de calidad<\/b> y un <b>plan estrat\u00e9gico para los pr\u00f3ximos tres a\u00f1os.<\/b><\/p>\n<p>Por \u00faltimo, dentro del programa <b>Emprende FP<\/b> animamos a los estudiantes a participar en diferentes eventos donde poder desarrollar las habilidades adquiridas, presentar proyectos y promocionarse.<\/p>\n<p>Entre estos eventos destaca especialmente la <a href=\"https:\/\/sites.google.com\/cepnet.net\/imt-politecnics\/professionals-del-politecnics\" target=\"_blank\" rel=\"noopener\"><b>feria It&#8217;s My Turn<\/b><\/a>, en la que los estudiantes presentan sus proyectos ante representantes de empresas del sector.<\/p>\n<p>En esta feria tambi\u00e9n se presentar\u00e1n los resultados del programa Orienta FP.<\/p>\n<\/div><\/div><\/div><div class=\"fusion-layout-column fusion_builder_column fusion-builder-column-2 fusion_builder_column_1_2 1_2 fusion-flex-column\" style=\"--awb-bg-size:cover;--awb-border-color:#0089ff;--awb-border-top:0;--awb-border-right:0;--awb-border-bottom:2px;--awb-border-left:0;--awb-border-style:solid;--awb-width-large:50%;--awb-margin-top-large:0px;--awb-spacing-right-large:3.84%;--awb-margin-bottom-large:0px;--awb-spacing-left-large:3.84%;--awb-width-medium:50%;--awb-order-medium:0;--awb-spacing-right-medium:3.84%;--awb-spacing-left-medium:3.84%;--awb-width-small:100%;--awb-order-small:0;--awb-spacing-right-small:1.92%;--awb-spacing-left-small:1.92%;\"><div class=\"fusion-column-wrapper fusion-column-has-shadow fusion-flex-justify-content-flex-start fusion-content-layout-column\"><div class=\"fusion-image-element \" style=\"--awb-caption-title-font-family:var(--h2_typography-font-family);--awb-caption-title-font-weight:var(--h2_typography-font-weight);--awb-caption-title-font-style:var(--h2_typography-font-style);--awb-caption-title-size:var(--h2_typography-font-size);--awb-caption-title-transform:var(--h2_typography-text-transform);--awb-caption-title-line-height:var(--h2_typography-line-height);--awb-caption-title-letter-spacing:var(--h2_typography-letter-spacing);\"><span class=\" fusion-imageframe imageframe-none imageframe-1 hover-type-none\"><img decoding=\"async\" width=\"630\" height=\"900\" title=\"1-4-gvec-merchandiser\" src=\"https:\/\/politecnics.barcelona\/wp-content\/uploads\/1-4-gvec-merchandiser.jpg\" alt class=\"img-responsive wp-image-5236\" srcset=\"https:\/\/politecnics.barcelona\/wp-content\/uploads\/1-4-gvec-merchandiser-200x286.jpg 200w, https:\/\/politecnics.barcelona\/wp-content\/uploads\/1-4-gvec-merchandiser-400x571.jpg 400w, https:\/\/politecnics.barcelona\/wp-content\/uploads\/1-4-gvec-merchandiser-600x857.jpg 600w, https:\/\/politecnics.barcelona\/wp-content\/uploads\/1-4-gvec-merchandiser.jpg 630w\" sizes=\"(max-width: 800px) 100vw, 600px\" \/><\/span><\/div><\/div><\/div><\/div><\/div><\/p>\n","protected":false},"excerpt":{"rendered":"","protected":false},"author":1,"featured_media":5250,"comment_status":"closed","ping_status":"closed","sticky":false,"template":"","format":"standard","meta":{"_monsterinsights_skip_tracking":false,"_monsterinsights_sitenote_active":false,"_monsterinsights_sitenote_note":"","_monsterinsights_sitenote_category":0,"footnotes":""},"categories":[66,63],"tags":[],"_links":{"self":[{"href":"https:\/\/politecnics.barcelona\/es\/wp-json\/wp\/v2\/posts\/6014"}],"collection":[{"href":"https:\/\/politecnics.barcelona\/es\/wp-json\/wp\/v2\/posts"}],"about":[{"href":"https:\/\/politecnics.barcelona\/es\/wp-json\/wp\/v2\/types\/post"}],"author":[{"embeddable":true,"href":"https:\/\/politecnics.barcelona\/es\/wp-json\/wp\/v2\/users\/1"}],"replies":[{"embeddable":true,"href":"https:\/\/politecnics.barcelona\/es\/wp-json\/wp\/v2\/comments?post=6014"}],"version-history":[{"count":9,"href":"https:\/\/politecnics.barcelona\/es\/wp-json\/wp\/v2\/posts\/6014\/revisions"}],"predecessor-version":[{"id":6441,"href":"https:\/\/politecnics.barcelona\/es\/wp-json\/wp\/v2\/posts\/6014\/revisions\/6441"}],"wp:featuredmedia":[{"embeddable":true,"href":"https:\/\/politecnics.barcelona\/es\/wp-json\/wp\/v2\/media\/5250"}],"wp:attachment":[{"href":"https:\/\/politecnics.barcelona\/es\/wp-json\/wp\/v2\/media?parent=6014"}],"wp:term":[{"taxonomy":"category","embeddable":true,"href":"https:\/\/politecnics.barcelona\/es\/wp-json\/wp\/v2\/categories?post=6014"},{"taxonomy":"post_tag","embeddable":true,"href":"https:\/\/politecnics.barcelona\/es\/wp-json\/wp\/v2\/tags?post=6014"}],"curies":[{"name":"wp","href":"https:\/\/api.w.org\/{rel}","templated":true}]}}