{"id":6070,"date":"2021-03-15T11:21:19","date_gmt":"2021-03-15T10:21:19","guid":{"rendered":"https:\/\/politecnics.barcelona\/que-ofrece-la-fp\/"},"modified":"2022-07-18T12:23:22","modified_gmt":"2022-07-18T10:23:22","slug":"que-ofrece-la-fp","status":"publish","type":"post","link":"https:\/\/politecnics.barcelona\/es\/que-ofrece-la-fp\/","title":{"rendered":"\u00bfQu\u00e9 ofrece la FP?"},"content":{"rendered":"<div class=\"fusion-fullwidth fullwidth-box fusion-builder-row-1 fusion-flex-container nonhundred-percent-fullwidth non-hundred-percent-height-scrolling\" style=\"--awb-border-radius-top-left:0px;--awb-border-radius-top-right:0px;--awb-border-radius-bottom-right:0px;--awb-border-radius-bottom-left:0px;--awb-flex-wrap:wrap;\" ><div class=\"fusion-builder-row fusion-row fusion-flex-align-items-flex-start fusion-flex-content-wrap\" style=\"max-width:1248px;margin-left: calc(-4% \/ 2 );margin-right: calc(-4% \/ 2 );\"><div class=\"fusion-layout-column fusion_builder_column fusion-builder-column-0 fusion_builder_column_1_1 1_1 fusion-flex-column\" style=\"--awb-bg-size:cover;--awb-width-large:100%;--awb-margin-top-large:0px;--awb-spacing-right-large:1.92%;--awb-margin-bottom-large:20px;--awb-spacing-left-large:1.92%;--awb-width-medium:100%;--awb-order-medium:0;--awb-spacing-right-medium:1.92%;--awb-spacing-left-medium:1.92%;--awb-width-small:100%;--awb-order-small:0;--awb-spacing-right-small:1.92%;--awb-spacing-left-small:1.92%;\"><div class=\"fusion-column-wrapper fusion-column-has-shadow fusion-flex-justify-content-flex-start fusion-content-layout-column\"><div class=\"fusion-text fusion-text-1\"><h3>Con el tercer trimestre en la vuelta de la esquina son muchos los alumnos que piensan en <b>qu\u00e9 hacer el pr\u00f3ximo a\u00f1o, y<\/b> la opci\u00f3n de cursar una <b>Formaci\u00f3n Profesional (FP)<\/b> es una opci\u00f3n cada vez m\u00e1s popular.<\/h3>\n<p>Recientemente el <b>Gobierno de Catalu\u00f1a<\/b> , junto con los principales responsables de la patronal y de los sindicatos, se ha comprometido a <b>apostar por la Formaci\u00f3n Profesional<\/b> .<\/p>\n<p>En la primera reuni\u00f3n de la Comisi\u00f3n Rectora de Formaci\u00f3n y Cualificaci\u00f3n Profesionales, aseguraron el objetivo de hacer de la FP una formaci\u00f3n de prestigio y asociada con una garant\u00eda de <b>empleo, competitividad y econom\u00eda<\/b> .<\/p>\n<p>El principal reto es adaptarla a las necesidades de las empresas y crear una relaci\u00f3n fluida entre esta formaci\u00f3n y las salidas profesionales.<\/p>\n<\/div><\/div><\/div><div class=\"fusion-layout-column fusion_builder_column fusion-builder-column-1 fusion_builder_column_2_5 2_5 fusion-flex-column\" style=\"--awb-bg-size:cover;--awb-width-large:40%;--awb-margin-top-large:0px;--awb-spacing-right-large:4.8%;--awb-margin-bottom-large:20px;--awb-spacing-left-large:4.8%;--awb-width-medium:40%;--awb-order-medium:0;--awb-spacing-right-medium:4.8%;--awb-spacing-left-medium:4.8%;--awb-width-small:100%;--awb-order-small:0;--awb-spacing-right-small:1.92%;--awb-spacing-left-small:1.92%;\"><div class=\"fusion-column-wrapper fusion-column-has-shadow fusion-flex-justify-content-flex-start fusion-content-layout-column\"><div class=\"fusion-video fusion-youtube\" style=\"--awb-max-width:600px;--awb-max-height:360px;\"><div class=\"video-shortcode\"><div class=\"fluid-width-video-wrapper\" style=\"padding-top:60%;\" ><iframe title=\"YouTube video player 1\" src=\"https:\/\/www.youtube.com\/embed\/re1WCaQ1xbc?wmode=transparent&autoplay=0\" width=\"600\" height=\"360\" allowfullscreen allow=\"autoplay; fullscreen\"><\/iframe><\/div><\/div><\/div><\/div><\/div><div class=\"fusion-layout-column fusion_builder_column fusion-builder-column-2 fusion_builder_column_3_5 3_5 fusion-flex-column\" style=\"--awb-bg-size:cover;--awb-width-large:60%;--awb-margin-top-large:0px;--awb-spacing-right-large:3.2%;--awb-margin-bottom-large:20px;--awb-spacing-left-large:3.2%;--awb-width-medium:60%;--awb-order-medium:0;--awb-spacing-right-medium:3.2%;--awb-spacing-left-medium:3.2%;--awb-width-small:100%;--awb-order-small:0;--awb-spacing-right-small:1.92%;--awb-spacing-left-small:1.92%;\"><div class=\"fusion-column-wrapper fusion-column-has-shadow fusion-flex-justify-content-flex-start fusion-content-layout-column\"><div class=\"fusion-title title fusion-title-1 fusion-sep-none fusion-title-text fusion-title-size-four\"><h4 class=\"fusion-title-heading title-heading-left fusion-responsive-typography-calculated\" style=\"margin:0;--fontSize:25;--minFontSize:25;line-height:1.2;\"><strong>FP como puerta al mundo laboral<\/strong><\/h4><\/div><div class=\"fusion-separator\" style=\"align-self: flex-start;margin-right:auto;margin-bottom:10px;width:100%;max-width:24px;\"><div class=\"fusion-separator-border sep-single sep-solid\" style=\"--awb-height:20px;--awb-amount:20px;border-color:#0089ff;border-top-width:1px;\"><\/div><\/div>\n<div class=\"fusion-text fusion-text-2\"><p>Esta iniciativa se inicia teniendo en cuenta el protagonismo que est\u00e1 tomando la <b>formaci\u00f3n profesional<\/b> en los \u00faltimos a\u00f1os.<\/p>\n<p>Un ejemplo representativo son las previsiones de <a href=\"http:\/\/www.cedefop.europa.eu\/en\/publications-and-resources\/data-visualisations\/skills-forecast\" target=\"_blank\" rel=\"noopener\">Cedefop<\/a> , que afirman que entre hoy y 2030, en Espa\u00f1a se creara un <b>65% de nuevos puestos de trabajo<\/b> para profesionales <b>con calificaciones de FP<\/b> .<\/p>\n<\/div><\/div><\/div><div class=\"fusion-layout-column fusion_builder_column fusion-builder-column-3 fusion_builder_column_1_1 1_1 fusion-flex-column\" style=\"--awb-bg-size:cover;--awb-width-large:100%;--awb-margin-top-large:0px;--awb-spacing-right-large:1.92%;--awb-margin-bottom-large:20px;--awb-spacing-left-large:1.92%;--awb-width-medium:100%;--awb-order-medium:0;--awb-spacing-right-medium:1.92%;--awb-spacing-left-medium:1.92%;--awb-width-small:100%;--awb-order-small:0;--awb-spacing-right-small:1.92%;--awb-spacing-left-small:1.92%;\"><div class=\"fusion-column-wrapper fusion-column-has-shadow fusion-flex-justify-content-flex-start fusion-content-layout-column\"><div class=\"fusion-title title fusion-title-2 fusion-sep-none fusion-title-text fusion-title-size-four\"><h4 class=\"fusion-title-heading title-heading-left fusion-responsive-typography-calculated\" style=\"margin:0;--fontSize:25;--minFontSize:25;line-height:1.2;\"><strong>Jornada de puertas abiertas<\/strong><\/h4><\/div><div class=\"fusion-separator\" style=\"align-self: flex-start;margin-right:auto;margin-bottom:10px;width:100%;max-width:24px;\"><div class=\"fusion-separator-border sep-single sep-solid\" style=\"--awb-height:20px;--awb-amount:20px;border-color:#0089ff;border-top-width:1px;\"><\/div><\/div>\n<div class=\"fusion-text fusion-text-3\"><p>Cada a\u00f1o, durante estos meses, comenzamos las <b>jornadas de puertas abiertas<\/b> en el <strong>Centre d\u2019Estudis Polit\u00e8cnics<\/strong>.<\/p>\n<p>Ofrecemos varios ciclos formativos de grado medio y superior como v\u00eda de acceso al <b>mercado laboral.<\/b> Los estudios pertenecen a cuatro familias profesionales: <b>Comercio y Marketing, Administraci\u00f3n y gesti\u00f3n, Comunicaciones e Inform\u00e1tica y Turismo.<\/b> As\u00ed como el estudio de <b>lenguas extranjeras.<\/b><\/p>\n<p>El aprendizaje activo nos ha permitido, por ejemplo, el dise\u00f1o, grabaci\u00f3n y producci\u00f3n de la <b>campa\u00f1a publicitaria<\/b> <i>#S\u00e9OnVaig<\/i> , gracias a la alianza entre la agencia de Lou Comunicaci\u00f3 y <b>los alumnos del Ciclo Formativo de Grado Superior de Marketing y Publicidad.<\/b><\/p>\n<p>La primera fase de la campa\u00f1a consta de 3 spots que ayudan a <b>dar conocimiento de la instituci\u00f3n<\/b> y 3 de sus ciclos formativos.<\/p>\n<p>\u00bfEst\u00e1s pensando en cursar una <b>Formaci\u00f3n Profesional<\/b> el pr\u00f3ximo a\u00f1o? Resuelve tus dudas en las <b>jornadas de puertas abiertas<\/b> .<\/p>\n<p><b>S\u00e1bado 6 de abril<\/b> de las 10 ha las 13:30 hy <b>viernes 26 de abril<\/b> de las 17 ha las 20 h, abrimos las puertas del <b>Centre d\u2019Estudis Polit\u00e8cnics<\/b> en la Calle Santa Anna, 28 de Barcelona para todos los visitantes .<\/p>\n<\/div><\/div><\/div><\/div><\/div>\n","protected":false},"excerpt":{"rendered":"","protected":false},"author":1,"featured_media":5297,"comment_status":"closed","ping_status":"closed","sticky":false,"template":"","format":"standard","meta":{"_monsterinsights_skip_tracking":false,"_monsterinsights_sitenote_active":false,"_monsterinsights_sitenote_note":"","_monsterinsights_sitenote_category":0,"footnotes":""},"categories":[63],"tags":[103],"_links":{"self":[{"href":"https:\/\/politecnics.barcelona\/es\/wp-json\/wp\/v2\/posts\/6070"}],"collection":[{"href":"https:\/\/politecnics.barcelona\/es\/wp-json\/wp\/v2\/posts"}],"about":[{"href":"https:\/\/politecnics.barcelona\/es\/wp-json\/wp\/v2\/types\/post"}],"author":[{"embeddable":true,"href":"https:\/\/politecnics.barcelona\/es\/wp-json\/wp\/v2\/users\/1"}],"replies":[{"embeddable":true,"href":"https:\/\/politecnics.barcelona\/es\/wp-json\/wp\/v2\/comments?post=6070"}],"version-history":[{"count":4,"href":"https:\/\/politecnics.barcelona\/es\/wp-json\/wp\/v2\/posts\/6070\/revisions"}],"predecessor-version":[{"id":6502,"href":"https:\/\/politecnics.barcelona\/es\/wp-json\/wp\/v2\/posts\/6070\/revisions\/6502"}],"wp:featuredmedia":[{"embeddable":true,"href":"https:\/\/politecnics.barcelona\/es\/wp-json\/wp\/v2\/media\/5297"}],"wp:attachment":[{"href":"https:\/\/politecnics.barcelona\/es\/wp-json\/wp\/v2\/media?parent=6070"}],"wp:term":[{"taxonomy":"category","embeddable":true,"href":"https:\/\/politecnics.barcelona\/es\/wp-json\/wp\/v2\/categories?post=6070"},{"taxonomy":"post_tag","embeddable":true,"href":"https:\/\/politecnics.barcelona\/es\/wp-json\/wp\/v2\/tags?post=6070"}],"curies":[{"name":"wp","href":"https:\/\/api.w.org\/{rel}","templated":true}]}}