{"id":821,"count":1,"description":"","link":"https:\/\/politecnics.barcelona\/es\/tag\/jornadabeyondcatalonia-internacionalizacion-comerciointernacional-transportlogistica-politecnicos-tutalent-nuestrocompromiso\/","name":"#JornadaBeyondCatalonia #Internacionalizaci\u00f3n #ComercioInternacional #TransportLog\u00edstica #Polit\u00e9cnicos #TuTalent #NuestroCompromiso","slug":"jornadabeyondcatalonia-internacionalizacion-comerciointernacional-transportlogistica-politecnicos-tutalent-nuestrocompromiso","taxonomy":"post_tag","meta":[],"_links":{"self":[{"href":"https:\/\/politecnics.barcelona\/es\/wp-json\/wp\/v2\/tags\/821"}],"collection":[{"href":"https:\/\/politecnics.barcelona\/es\/wp-json\/wp\/v2\/tags"}],"about":[{"href":"https:\/\/politecnics.barcelona\/es\/wp-json\/wp\/v2\/taxonomies\/post_tag"}],"wp:post_type":[{"href":"https:\/\/politecnics.barcelona\/es\/wp-json\/wp\/v2\/posts?tags=821"},{"href":"https:\/\/politecnics.barcelona\/es\/wp-json\/wp\/v2\/tribe_events?tags=821"}],"curies":[{"name":"wp","href":"https:\/\/api.w.org\/{rel}","templated":true}]}}